{"id":7868,"date":"2018-01-08T16:38:32","date_gmt":"2018-01-08T16:38:32","guid":{"rendered":"http:\/\/archiv.szolnoktv.hu\/?p=7868"},"modified":"2021-08-13T14:31:18","modified_gmt":"2021-08-13T14:31:18","slug":"felujitjak-a-mora-ferenc-uti-jardaszakaszt","status":"publish","type":"post","link":"http:\/\/archiv.szolnoktv.hu\/?p=7868","title":{"rendered":"Fel\u00faj\u00edtj\u00e1k a M\u00f3ra Ferenc \u00fati j\u00e1rdaszakaszt<br>"},"content":{"rendered":"<div class='booster-block booster-read-block'><\/div><p>A j\u00e1r\u00e1si hivatal, vagyis a f\u0151iskola volt \u00e9p\u00fclet\u00e9nek fel\u00faj\u00edt\u00e1si munk\u00e1lataival egy id\u0151ben zajlik a r\u00e9gi Sz\u00f6vets\u00e9g melletti  j\u00e1rdaszakasz meg\u00faj\u00edt\u00e1sa \u00e9s a z\u00f6ld ter\u00fclet kialak\u00edt\u00e1sa is. <\/p>\n<p> Fej\u00e9r Andor alpolg\u00e1rmester: <\/p>\n<p>-&#8220;Indokoltnak tal\u00e1ltuk az \u00e9p\u00fclet k\u00f6rnyezet\u00e9nek rendbet\u00e9tel\u00e9t, a gyalogos j\u00e1rd\u00e1knak a fel\u00faj\u00edt\u00e1s\u00e1t \u00e9s az \u00e9p\u00fclet k\u00f6r\u00fcli z\u00f6ld ter\u00fcletnek a rekonstrukci\u00f3j\u00e1t. Ugyanakkor ez a j\u00e1rda aminek a fel\u00faj\u00edt\u00e1sa megkezd\u0151d\u00f6tt a szint\u00e9n elk\u00e9sz\u00fclt M\u00f3ra rendel\u0151 megk\u00f6zel\u00edt\u00e9s\u00e9t is lehet\u0151v\u00e9 teszi. \u00cdgy mire elk\u00e9sz\u00fcl a rendel\u0151, a j\u00e1rda is \u00e1tad\u00e1sra ker\u00fcl.&#8221; <\/p>\n<p>Febru\u00e1r k\u00f6zep\u00e9re fejez\u0151dik be  a beruh\u00e1z\u00e1s. A k\u00f6rny\u00e9ken azonban- ezzel nem \u00e9rnek v\u00e9get a munk\u00e1latok. <\/p>\n<p>Fej\u00e9r Andor alpolg\u00e1rmester hangs\u00falyozta: <\/p>\n<p>-&#8220;Hamarosan elkezd\u0151dik az Isp\u00e1n krt. ir\u00e1ny\u00e1b\u00f3l a rendel\u0151int\u00e9zet fel\u00e9 a j\u00e1rda fel\u00faj\u00edt\u00e1sa s  a harmadik szakasz lesz a  k\u00e9t megval\u00f3sul\u00f3 szakasz \u00f6sszek\u00f6t\u00e9se. Ez egy 100 m\u00e9tert meghalad\u00f3 fel\u00faj\u00edt\u00e1s. Rem\u00e9nyeim szerint ny\u00e1r v\u00e9g\u00e9re teljesen meg\u00fajul ez a j\u00e1rdaszakasz.&#8221; <\/p>\n<p>A ker\u00e9kp\u00e1rosokra is gondoltak. A tervek k\u00f6z\u00f6tt szerepel a ker\u00e9kp\u00e1rutak  bek\u00f6t\u00e9se is. <\/p>\n<p>-&#8220;Bek\u00f6tj\u00fck  a t\u00e9rs\u00e9get a Boldog S\u00e1ndor Istv\u00e1n \u00fati ker\u00e9kp\u00e1r\u00fatba, illetve lehet\u0151s\u00e9get biztos\u00edtunk a Zagyva parti ker\u00e9kp\u00e1r\u00fat megk\u00f6zel\u00edt\u00e9s\u00e9re is&#8221;-tette hozz\u00e1 az alpolg\u00e1rmester.<\/p>\n<p>Itt az Ady Endre \u00faton is kialak\u00edtan\u00e1nak egy ker\u00e9kp\u00e1rs\u00e1vot, ami \u00f6sszek\u00f6ti majd a Boldog S\u00e1ndor Istv\u00e1n \u00fati \u00e9s a Zagyva- parti ker\u00e9kp\u00e1rutakat. <br \/> &nbsp;<div style=\"width: 640px;\" class=\"wp-video\"><!--[if lt IE 9]><script>document.createElement('video');<\/script><![endif]-->\n<video class=\"wp-video-shortcode\" id=\"video-7868-1\" width=\"640\" height=\"360\" preload=\"metadata\" controls=\"controls\"><source type=\"video\/mp4\" src=\"\/spots\/hir\/hir_180108_04.mp4?_=1\" \/><a href=\"\/spots\/hir\/hir_180108_04.mp4\">\/spots\/hir\/hir_180108_04.mp4<\/a><\/video><\/div><\/p>\n","protected":false},"excerpt":{"rendered":"<p>A j\u00e1r\u00e1si hivatal, vagyis a f\u0151iskola volt \u00e9p\u00fclet\u00e9nek fel\u00faj\u00edt\u00e1si munk\u00e1lataival egy id\u0151ben zajlik a r\u00e9gi Sz\u00f6vets\u00e9g melletti j\u00e1rdaszakasz meg\u00faj\u00edt\u00e1sa \u00e9s a z\u00f6ld ter\u00fclet kialak\u00edt\u00e1sa is. Fej\u00e9r Andor alpolg\u00e1rmester: -&#8220;Indokoltnak tal\u00e1ltuk az \u00e9p\u00fclet k\u00f6rnyezet\u00e9nek rendbet\u00e9tel\u00e9t, a gyalogos j\u00e1rd\u00e1knak a fel\u00faj\u00edt\u00e1s\u00e1t \u00e9s az \u00e9p\u00fclet k\u00f6r\u00fcli z\u00f6ld ter\u00fcletnek a rekonstrukci\u00f3j\u00e1t. Ugyanakkor ez a j\u00e1rda aminek a fel\u00faj\u00edt\u00e1sa megkezd\u0151d\u00f6tt [&hellip;]<\/p>\n","protected":false},"author":2,"featured_media":0,"comment_status":"closed","ping_status":"closed","sticky":false,"template":"","format":"standard","meta":[],"categories":[9],"tags":[],"_links":{"self":[{"href":"http:\/\/archiv.szolnoktv.hu\/index.php?rest_route=\/wp\/v2\/posts\/7868"}],"collection":[{"href":"http:\/\/archiv.szolnoktv.hu\/index.php?rest_route=\/wp\/v2\/posts"}],"about":[{"href":"http:\/\/archiv.szolnoktv.hu\/index.php?rest_route=\/wp\/v2\/types\/post"}],"author":[{"embeddable":true,"href":"http:\/\/archiv.szolnoktv.hu\/index.php?rest_route=\/wp\/v2\/users\/2"}],"replies":[{"embeddable":true,"href":"http:\/\/archiv.szolnoktv.hu\/index.php?rest_route=%2Fwp%2Fv2%2Fcomments&post=7868"}],"version-history":[{"count":1,"href":"http:\/\/archiv.szolnoktv.hu\/index.php?rest_route=\/wp\/v2\/posts\/7868\/revisions"}],"predecessor-version":[{"id":7871,"href":"http:\/\/archiv.szolnoktv.hu\/index.php?rest_route=\/wp\/v2\/posts\/7868\/revisions\/7871"}],"wp:attachment":[{"href":"http:\/\/archiv.szolnoktv.hu\/index.php?rest_route=%2Fwp%2Fv2%2Fmedia&parent=7868"}],"wp:term":[{"taxonomy":"category","embeddable":true,"href":"http:\/\/archiv.szolnoktv.hu\/index.php?rest_route=%2Fwp%2Fv2%2Fcategories&post=7868"},{"taxonomy":"post_tag","embeddable":true,"href":"http:\/\/archiv.szolnoktv.hu\/index.php?rest_route=%2Fwp%2Fv2%2Ftags&post=7868"}],"curies":[{"name":"wp","href":"https:\/\/api.w.org\/{rel}","templated":true}]}}