{"id":7867,"date":"2018-01-08T14:57:56","date_gmt":"2018-01-08T14:57:56","guid":{"rendered":"http:\/\/archiv.szolnoktv.hu\/?p=7867"},"modified":"2021-08-13T14:31:19","modified_gmt":"2021-08-13T14:31:19","slug":"91-evvel-ezelott-vesztette-eletet-hanzely-pal","status":"publish","type":"post","link":"http:\/\/archiv.szolnoktv.hu\/?p=7867","title":{"rendered":"91 \u00e9vvel ezel\u0151tt vesztette \u00e9let\u00e9t Hanz\u00e9ly P\u00e1l<br><br>"},"content":{"rendered":"<div class='booster-block booster-read-block'><\/div><p>91 \u00e9vvel ezel\u0151tt a J\u00f3zsef Attila \u00e9s Sz\u00e1zados \u00fat m\u00f6g\u00f6tt tal\u00e1lhat\u00f3 kubikg\u00f6dr\u00f6k befagyott jeg\u00e9n korcsoly\u00e1zott a 19 \u00e9ves Oresk\u00f3 S\u00e1ri \u00e9s v\u0151leg\u00e9nye Herbst Jen\u0151. A 3 cm vastag j\u00e9g a p\u00e1r alatt beszakadt. Seg\u00edts\u00e9g\u00fckre Koz\u00e1k Gyula M\u00c1V tisztvisel\u0151 sietett, de a j\u00e9g alatta is beszakadt. Hanz\u00e9ly P\u00e1l f\u0151hadnagy ekkor \u00e9rt oda \u00e9s v\u00edzbe vetette mag\u00e1t. Els\u0151k\u00e9nt Oresk\u00f3 S\u00e1rit pr\u00f3b\u00e1lta menteni. -id\u00e9zte fel az esem\u00e9nyeket az \u00fcnneps\u00e9get szervez\u0151 Aba-Nov\u00e1k Ag\u00f3ra Kultur\u00e1lis K\u00f6zpont munkat\u00e1rsa. <\/p>\n<p>-Hanz\u00e9ly P\u00e1l t\u00f6bb mint f\u00e9l\u00f3r\u00e1ja k\u00fczd\u00f6tt m\u00e1r m\u00e9g siker\u00fclt az al\u00e9lt Oresk\u00f3 S\u00e1rit a j\u00e9gre feltolnia \u00e9s az odadobott k\u00f6t\u00e9l v\u00e9g\u00e9t megtudta fogni. M\u00e1r \u00fagy l\u00e1tszott, hogy a f\u0151hadnagy is megmenek\u00fcl, de a k\u00f6vetkez\u0151 pillanatban elmer\u00fclt s t\u00f6bb\u00e9 nem l\u00e1tt\u00e1k.&#8221;- id\u00e9zte fel a t\u00f6rt\u00e9nteket Hajd\u00fa Csaba.<\/p>\n<p>A k\u00f6zeli kasz\u00e1rny\u00e1kb\u00f3l l\u00e9tr\u00e1kkal, illetve k\u00f6telekkel \u00e9rkeztek a katon\u00e1k, t\u0171zolt\u00f3k \u00e9s ment\u0151k Hanz\u00e9ly P\u00e1l seg\u00edts\u00e9g\u00e9re. A f\u0151hadnagy holtest\u00e9t azonban csak j\u00f3val k\u00e9s\u0151bb tal\u00e1lt\u00e1k meg. H\u0151siess\u00e9ge \u00e9s \u00f6nfel\u00e1ldoz\u00e1sa p\u00e9lda\u00e9rt\u00e9k\u0171 a mai ember sz\u00e1m\u00e1ra. <\/p>\n<p>-\u00c9ltek k\u00f6z\u00f6tt\u00fcnk emberek, akik tudt\u00e1k \u00e9let\u00fcket adni haz\u00e1juk\u00e9rt, n\u00e9p\u00fck\u00e9rt, t\u00e1rsaik\u00e9rt olyanok\u00e9rt is, akiket szem\u00e9lyesen nem ismeretek, akikhez szem\u00e9lyes szeretet kapocs nem is f\u0171zte \u0151ket. Amikor itt \u00e1llunk Hanz\u00e9ly P\u00e1l eml\u00e9kt\u00e1bl\u00e1ja el\u0151tt akkor meg kell k\u00e9rdezni magunkt\u00f3l, hogy mi az a t\u00f6bb, amit itt most megtanulhatunk. Mi az a t\u00f6bb amit az \u0151 \u00e9let\u00e9b\u0151l \u00e9s hal\u00e1l\u00e1b\u00f3l Isten szeretne megtan\u00edtani.&#8221;- mondta V\u00e9ghn\u00e9 S\u00e1ndor Emma reform\u00e1tus lelk\u00e9sz.<\/p>\n<p>Az \u00fcnnepi megeml\u00e9kez\u00e9s v\u00e9g\u00e9n a v\u00e1ros, rendv\u00e9delmi szervek \u00e9s a megjelentek az eml\u00e9kez\u00e9s koszor\u00fait, illetve vir\u00e1gait helyezt\u00e9k el a 91 \u00e9vvel ezel\u0151tt h\u0151si hal\u00e1lt halt f\u0151hadnagy eml\u00e9kt\u00e1bl\u00e1j\u00e1n\u00e1l. <br \/> &nbsp;<div style=\"width: 640px;\" class=\"wp-video\"><!--[if lt IE 9]><script>document.createElement('video');<\/script><![endif]-->\n<video class=\"wp-video-shortcode\" id=\"video-7867-1\" width=\"640\" height=\"360\" preload=\"metadata\" controls=\"controls\"><source type=\"video\/mp4\" src=\"\/spots\/hir\/hir_180108_03.mp4?_=1\" \/><a href=\"\/spots\/hir\/hir_180108_03.mp4\">\/spots\/hir\/hir_180108_03.mp4<\/a><\/video><\/div><\/p>\n","protected":false},"excerpt":{"rendered":"<p>91 \u00e9vvel ezel\u0151tt a J\u00f3zsef Attila \u00e9s Sz\u00e1zados \u00fat m\u00f6g\u00f6tt tal\u00e1lhat\u00f3 kubikg\u00f6dr\u00f6k befagyott jeg\u00e9n korcsoly\u00e1zott a 19 \u00e9ves Oresk\u00f3 S\u00e1ri \u00e9s v\u0151leg\u00e9nye Herbst Jen\u0151. A 3 cm vastag j\u00e9g a p\u00e1r alatt beszakadt. Seg\u00edts\u00e9g\u00fckre Koz\u00e1k Gyula M\u00c1V tisztvisel\u0151 sietett, de a j\u00e9g alatta is beszakadt. Hanz\u00e9ly P\u00e1l f\u0151hadnagy ekkor \u00e9rt oda \u00e9s v\u00edzbe vetette mag\u00e1t. [&hellip;]<\/p>\n","protected":false},"author":2,"featured_media":0,"comment_status":"closed","ping_status":"closed","sticky":false,"template":"","format":"standard","meta":[],"categories":[9],"tags":[],"_links":{"self":[{"href":"http:\/\/archiv.szolnoktv.hu\/index.php?rest_route=\/wp\/v2\/posts\/7867"}],"collection":[{"href":"http:\/\/archiv.szolnoktv.hu\/index.php?rest_route=\/wp\/v2\/posts"}],"about":[{"href":"http:\/\/archiv.szolnoktv.hu\/index.php?rest_route=\/wp\/v2\/types\/post"}],"author":[{"embeddable":true,"href":"http:\/\/archiv.szolnoktv.hu\/index.php?rest_route=\/wp\/v2\/users\/2"}],"replies":[{"embeddable":true,"href":"http:\/\/archiv.szolnoktv.hu\/index.php?rest_route=%2Fwp%2Fv2%2Fcomments&post=7867"}],"version-history":[{"count":1,"href":"http:\/\/archiv.szolnoktv.hu\/index.php?rest_route=\/wp\/v2\/posts\/7867\/revisions"}],"predecessor-version":[{"id":7872,"href":"http:\/\/archiv.szolnoktv.hu\/index.php?rest_route=\/wp\/v2\/posts\/7867\/revisions\/7872"}],"wp:attachment":[{"href":"http:\/\/archiv.szolnoktv.hu\/index.php?rest_route=%2Fwp%2Fv2%2Fmedia&parent=7867"}],"wp:term":[{"taxonomy":"category","embeddable":true,"href":"http:\/\/archiv.szolnoktv.hu\/index.php?rest_route=%2Fwp%2Fv2%2Fcategories&post=7867"},{"taxonomy":"post_tag","embeddable":true,"href":"http:\/\/archiv.szolnoktv.hu\/index.php?rest_route=%2Fwp%2Fv2%2Ftags&post=7867"}],"curies":[{"name":"wp","href":"https:\/\/api.w.org\/{rel}","templated":true}]}}