{"id":7865,"date":"2018-01-08T14:13:45","date_gmt":"2018-01-08T14:13:45","guid":{"rendered":"http:\/\/archiv.szolnoktv.hu\/?p=7865"},"modified":"2021-08-13T14:31:19","modified_gmt":"2021-08-13T14:31:19","slug":"gond-lesz-a-mezei-pocokkal-ha-nem-fordul-hidegebbre-az-idojaras","status":"publish","type":"post","link":"http:\/\/archiv.szolnoktv.hu\/?p=7865","title":{"rendered":"Gond lesz a mezei pocokkal, ha nem fordul hidegebbre az id\u0151j\u00e1r\u00e1s<br>"},"content":{"rendered":"<div class='booster-block booster-read-block'><\/div><p>10&#215;10 m\u00e9teres ter\u00fcleten taposs\u00e1k be a mezei pockok j\u00e1ratait a szakemberek az\u00e9rt, hogy pontos k\u00e9pet kapjanak a popul\u00e1ci\u00f3 m\u00e9ret\u00e9r\u0151l. A t\u00f6bb helyen elv\u00e9gzett felm\u00e9r\u00e9sre sz\u00fcks\u00e9g van, ugyanis az elm\u00falt hetek melegebb id\u0151j\u00e1r\u00e1sa miatt megugrott a r\u00e1gcs\u00e1l\u00f3k \u00e1llom\u00e1nya. A t\u00falszaporod\u00f3 k\u00e1rtev\u0151ket csak a tart\u00f3san a fagypont alatti h\u0151m\u00e9rs\u00e9klet tudn\u00e1 hat\u00e9konyan ritk\u00edtani. <\/p>\n<p>-Egy hideg, komoly, massz\u00edv t\u00e9li m\u00ednusz h\u0151m\u00e9rs\u00e9klet sokat seg\u00edt. Nagyon sok k\u00e1ros\u00edt\u00f3t elpuszt\u00edt. Gy\u00e9r\u00edti a k\u00e1rtev\u0151-nyom\u00e1st a mez\u0151gazdas\u00e1gra. A mezei pockok k\u00f6z\u00fcl a gyeng\u00e9bb, az nem fogja elviselni a hideget, hi\u00e1ba folyamatosan t\u00e1pl\u00e1lkozik.&#8221; &#8211; mondta Holl\u00f3 L\u00e1szl\u00f3 agr\u00e1r\u00fcgyi f\u0151oszt\u00e1lyvezet\u0151<\/p>\n<p>Az eg\u00e9rn\u00e9l nem sokkal nagyobb mezei pocok \u0151sszel nem halmoz fel \u00e9lelmiszer-k\u00e9szleteket, hanem t\u00e9len is folyamatosan t\u00e1pl\u00e1l\u00e9kot keres. Ide\u00e1lis \u00e9lelmiszer forr\u00e1st jelentenek sz\u00e1m\u00e1ra az \u0151sszel elvetett kult\u00farn\u00f6v\u00e9nyek &#8211;minta a b\u00faza, a repce, vagy az \u00e1rpa-, de sz\u00fcks\u00e9g eset\u00e9n a sz\u00e1razt k\u00f3r\u00f3t is megeszi. <\/p>\n<p>Holl\u00f3 L\u00e1szl\u00f3 \u00fagy fogalmazott: -A t\u00fal\u00e9l\u00e9s a fontos, teh\u00e1t mindent, ami neki t\u00e1pl\u00e1l\u00e9kot jelent elfogyaszt: az \u00e1rokparti z\u00f6ldn\u00f6v\u00e9nyeket, de a b\u00faza-vet\u00e9sek, a repce-vet\u00e9sek, lucerna tarl\u00f3k kimondottan kedvelt t\u00e1pl\u00e1lkoz\u00f3 helyei.&#8221; <\/p>\n<p>Az \u0151szi felm\u00e9r\u00e9skor a pockok \u00e1llom\u00e1nya a k\u00e1rt\u00e9teli hat\u00e1ron \u00e1llt, ez\u00e9rt a N\u00c9BIH janu\u00e1r 3-a \u00f3ta 120 napig enged\u00e9lyezte az \u00edrt\u00f3szeres pockok-gy\u00e9r\u00edt\u00e9st. A k\u00e9sz\u00edtm\u00e9ny a gazd\u00e1lkod\u00f3k k\u00f6r\u00e9ben j\u00f3l ismert, azt a N\u00c9BIH \u00e1ltal ki\u00e1ll\u00edtott Eseti Enged\u00e9ly birtok\u00e1ban tudj\u00e1k megv\u00e1s\u00e1rolni. <\/p>\n<div style=\"width: 640px;\" class=\"wp-video\"><!--[if lt IE 9]><script>document.createElement('video');<\/script><![endif]-->\n<video class=\"wp-video-shortcode\" id=\"video-7865-1\" width=\"640\" height=\"360\" preload=\"metadata\" controls=\"controls\"><source type=\"video\/mp4\" src=\"\/spots\/hir\/hir_180108_01.mp4?_=1\" \/><a href=\"\/spots\/hir\/hir_180108_01.mp4\">\/spots\/hir\/hir_180108_01.mp4<\/a><\/video><\/div>\n","protected":false},"excerpt":{"rendered":"<p>10&#215;10 m\u00e9teres ter\u00fcleten taposs\u00e1k be a mezei pockok j\u00e1ratait a szakemberek az\u00e9rt, hogy pontos k\u00e9pet kapjanak a popul\u00e1ci\u00f3 m\u00e9ret\u00e9r\u0151l. A t\u00f6bb helyen elv\u00e9gzett felm\u00e9r\u00e9sre sz\u00fcks\u00e9g van, ugyanis az elm\u00falt hetek melegebb id\u0151j\u00e1r\u00e1sa miatt megugrott a r\u00e1gcs\u00e1l\u00f3k \u00e1llom\u00e1nya. A t\u00falszaporod\u00f3 k\u00e1rtev\u0151ket csak a tart\u00f3san a fagypont alatti h\u0151m\u00e9rs\u00e9klet tudn\u00e1 hat\u00e9konyan ritk\u00edtani. -Egy hideg, komoly, massz\u00edv t\u00e9li [&hellip;]<\/p>\n","protected":false},"author":2,"featured_media":0,"comment_status":"closed","ping_status":"closed","sticky":false,"template":"","format":"standard","meta":[],"categories":[9],"tags":[],"_links":{"self":[{"href":"http:\/\/archiv.szolnoktv.hu\/index.php?rest_route=\/wp\/v2\/posts\/7865"}],"collection":[{"href":"http:\/\/archiv.szolnoktv.hu\/index.php?rest_route=\/wp\/v2\/posts"}],"about":[{"href":"http:\/\/archiv.szolnoktv.hu\/index.php?rest_route=\/wp\/v2\/types\/post"}],"author":[{"embeddable":true,"href":"http:\/\/archiv.szolnoktv.hu\/index.php?rest_route=\/wp\/v2\/users\/2"}],"replies":[{"embeddable":true,"href":"http:\/\/archiv.szolnoktv.hu\/index.php?rest_route=%2Fwp%2Fv2%2Fcomments&post=7865"}],"version-history":[{"count":1,"href":"http:\/\/archiv.szolnoktv.hu\/index.php?rest_route=\/wp\/v2\/posts\/7865\/revisions"}],"predecessor-version":[{"id":7874,"href":"http:\/\/archiv.szolnoktv.hu\/index.php?rest_route=\/wp\/v2\/posts\/7865\/revisions\/7874"}],"wp:attachment":[{"href":"http:\/\/archiv.szolnoktv.hu\/index.php?rest_route=%2Fwp%2Fv2%2Fmedia&parent=7865"}],"wp:term":[{"taxonomy":"category","embeddable":true,"href":"http:\/\/archiv.szolnoktv.hu\/index.php?rest_route=%2Fwp%2Fv2%2Fcategories&post=7865"},{"taxonomy":"post_tag","embeddable":true,"href":"http:\/\/archiv.szolnoktv.hu\/index.php?rest_route=%2Fwp%2Fv2%2Ftags&post=7865"}],"curies":[{"name":"wp","href":"https:\/\/api.w.org\/{rel}","templated":true}]}}