{"id":7864,"date":"2018-01-05T17:01:18","date_gmt":"2018-01-05T17:01:18","guid":{"rendered":"http:\/\/archiv.szolnoktv.hu\/?p=7864"},"modified":"2021-08-13T14:31:19","modified_gmt":"2021-08-13T14:31:19","slug":"tisza-szenteles","status":"publish","type":"post","link":"http:\/\/archiv.szolnoktv.hu\/?p=7864","title":{"rendered":"Tisza szentel\u00e9s <br>"},"content":{"rendered":"<div class='booster-block booster-read-block'><\/div><p>V\u00edzkereszt a vizek szentel\u00e9s\u00e9nek \u00fcnnepe. Tudj\u00e1k ezt a Szent Tam\u00e1s G\u00f6r\u00f6gkatolikus \u00c1ltal\u00e1nos Iskola di\u00e1kjai is, akik tan\u00e1raikkal k\u00e9sz\u00fcltek az egyh\u00e1zi \u00fcnnepre. <\/p>\n<p>&#8220;Ilyenkor van v\u00e9ge a kar\u00e1csonynak, ilyenkor vissz\u00fck ki a kar\u00e1csonyf\u00e1t \u00e9s ilyenkor kezd\u0151dik el a b\u00f6jt\u00f6l\u00e9s.&#8221; <\/p>\n<p>&#8220;J\u00e9zus is annak idej\u00e9n belement a Jord\u00e1nba, \u00e9s ennek jelk\u00e9p\u00e9\u00fcl megszentelik a Tisz\u00e1t is. &#8220;<\/p>\n<p> V\u00edzkereszt egy\u00fattal fontos hat\u00e1rnap is. V\u00e9get \u00e9rnek a t\u00e9li napfordul\u00f3hoz kapcsol\u00f3d\u00f3 szok\u00e1sok-\u00fcnnepek, \u00e9s elkezd\u0151dik a t\u00e9lb\u00facs\u00faztat\u00f3-tavaszv\u00e1r\u00f3 id\u0151szak &#8211; a h\u00fasv\u00e9tot megel\u0151z\u0151 negyvennapos b\u00f6jt kezdet\u00e9ig, hamvaz\u00f3szerd\u00e1ig tart\u00f3 farsang. Ezen a napon kor\u00e1bban az \u00e9l\u0151vizeket is megszentelt\u00e9k, a g\u00f6r\u00f6gkatolikus egyh\u00e1z ezt a hagyom\u00e1nyt 2011-ben \u00e9lesztette fel a Szolnokon. A v\u00edzkereszt \u00fczenete, hogy \u00fajra visszatal\u00e1ljunk a tisztas\u00e1ghoz. Nem a magunk erej\u00e9b\u0151l, mivel \u00f6nmagunkat nem tudjuk tiszt\u00e1ra mosni, \u00f6nmagunkat nem tudjuk megv\u00e1ltani. Egyed\u00fcl Isten k\u00e9pes visszaadni a tisztas\u00e1got. &#8211; mondta Kocsis F\u00fcl\u00f6p metropolita. <\/p>\n<p>&#8220;Ez egy nagyon \u0151si kereszt\u00e9ny hagyom\u00e1ny. A biz\u00e1nci egyh\u00e1z \u0151rizte meg tal\u00e1n a legill\u0151bb m\u00f3don, hogy kij\u00f6v\u00fcnk a v\u00edzre \u00e9s megszentelj\u00fck. Aki most mer\u00edt a Tisz\u00e1b\u00f3l szentelt vizet mer\u00edt. Ut\u00e1na tov\u00e1bbvissz\u00fck az otthonba, a h\u00e1zszentel\u00e9ssel mintegy tov\u00e1bbvissz\u00fck ennek az im\u00e1ds\u00e1g\u00e1t. &#8211;<\/p>\n<p> Kocsis F\u00fcl\u00f6p biz\u00e1nci szertart\u00e1s szerint szentelte meg a Tisz\u00e1t. El\u0151sz\u00f6r a h\u00e1rmas gyerty\u00e1t mer\u00edtette a Tisza v\u00edz\u00e9be, majd a kereszt is belemer\u00fclt a foly\u00f3ba.  A szertart\u00e1s v\u00e9g\u00e9n a metropolita ivott a frissen szentelt v\u00edzb\u0151l, majd ezen meg\u00e1ldotta a h\u00edveket, hogy ez\u00e1ltal is er\u0151s\u00f6djenek hit\u00fckben. <br \/> &nbsp;<div style=\"width: 640px;\" class=\"wp-video\"><!--[if lt IE 9]><script>document.createElement('video');<\/script><![endif]-->\n<video class=\"wp-video-shortcode\" id=\"video-7864-1\" width=\"640\" height=\"360\" preload=\"metadata\" controls=\"controls\"><source type=\"video\/mp4\" src=\"\/spots\/hir\/hir_180105_06.mp4?_=1\" \/><a href=\"\/spots\/hir\/hir_180105_06.mp4\">\/spots\/hir\/hir_180105_06.mp4<\/a><\/video><\/div><\/p>\n","protected":false},"excerpt":{"rendered":"<p>V\u00edzkereszt a vizek szentel\u00e9s\u00e9nek \u00fcnnepe. Tudj\u00e1k ezt a Szent Tam\u00e1s G\u00f6r\u00f6gkatolikus \u00c1ltal\u00e1nos Iskola di\u00e1kjai is, akik tan\u00e1raikkal k\u00e9sz\u00fcltek az egyh\u00e1zi \u00fcnnepre. &#8220;Ilyenkor van v\u00e9ge a kar\u00e1csonynak, ilyenkor vissz\u00fck ki a kar\u00e1csonyf\u00e1t \u00e9s ilyenkor kezd\u0151dik el a b\u00f6jt\u00f6l\u00e9s.&#8221; &#8220;J\u00e9zus is annak idej\u00e9n belement a Jord\u00e1nba, \u00e9s ennek jelk\u00e9p\u00e9\u00fcl megszentelik a Tisz\u00e1t is. &#8220; V\u00edzkereszt egy\u00fattal fontos [&hellip;]<\/p>\n","protected":false},"author":2,"featured_media":0,"comment_status":"closed","ping_status":"closed","sticky":false,"template":"","format":"standard","meta":[],"categories":[9],"tags":[],"_links":{"self":[{"href":"http:\/\/archiv.szolnoktv.hu\/index.php?rest_route=\/wp\/v2\/posts\/7864"}],"collection":[{"href":"http:\/\/archiv.szolnoktv.hu\/index.php?rest_route=\/wp\/v2\/posts"}],"about":[{"href":"http:\/\/archiv.szolnoktv.hu\/index.php?rest_route=\/wp\/v2\/types\/post"}],"author":[{"embeddable":true,"href":"http:\/\/archiv.szolnoktv.hu\/index.php?rest_route=\/wp\/v2\/users\/2"}],"replies":[{"embeddable":true,"href":"http:\/\/archiv.szolnoktv.hu\/index.php?rest_route=%2Fwp%2Fv2%2Fcomments&post=7864"}],"version-history":[{"count":1,"href":"http:\/\/archiv.szolnoktv.hu\/index.php?rest_route=\/wp\/v2\/posts\/7864\/revisions"}],"predecessor-version":[{"id":7875,"href":"http:\/\/archiv.szolnoktv.hu\/index.php?rest_route=\/wp\/v2\/posts\/7864\/revisions\/7875"}],"wp:attachment":[{"href":"http:\/\/archiv.szolnoktv.hu\/index.php?rest_route=%2Fwp%2Fv2%2Fmedia&parent=7864"}],"wp:term":[{"taxonomy":"category","embeddable":true,"href":"http:\/\/archiv.szolnoktv.hu\/index.php?rest_route=%2Fwp%2Fv2%2Fcategories&post=7864"},{"taxonomy":"post_tag","embeddable":true,"href":"http:\/\/archiv.szolnoktv.hu\/index.php?rest_route=%2Fwp%2Fv2%2Ftags&post=7864"}],"curies":[{"name":"wp","href":"https:\/\/api.w.org\/{rel}","templated":true}]}}