{"id":7862,"date":"2018-01-05T16:33:11","date_gmt":"2018-01-05T16:33:11","guid":{"rendered":"http:\/\/archiv.szolnoktv.hu\/?p=7862"},"modified":"2021-08-13T14:31:20","modified_gmt":"2021-08-13T14:31:20","slug":"a-viragos-koris-az-ev-faja","status":"publish","type":"post","link":"http:\/\/archiv.szolnoktv.hu\/?p=7862","title":{"rendered":"A vir\u00e1gos k\u0151ris az \u00e9v f\u00e1ja<br>"},"content":{"rendered":"<div class='booster-block booster-read-block'><\/div><p>Az Orsz\u00e1gos Erd\u00e9szeti Egyes\u00fclet \u00e9s az \u00c9v F\u00e1ja Kurat\u00f3rium id\u00e9n ism\u00e9t lehet\u0151v\u00e9 tette, hogy az egyes\u00fclet \u00e1gazati h\u00edrport\u00e1lj\u00e1n \u00e9s az \u00c9v f\u00e1ja tematikus weblapon kereszt\u00fcl szavazzanak  az erd\u00e9szek   \u00e9s a szakm\u00e1n k\u00edv\u00fcli \u00e9rdekl\u0151d\u0151k az \u00c9v f\u00e1j\u00e1ra, mellyel a 2018-as esztend\u0151 fafaj\u00e1t v\u00e1laszthatt\u00e1k meg a r\u00e9sztvev\u0151k.<\/p>\n<p> Urb\u00e1n S\u00e1ndor eln\u00f6k J\u00e1szkun Term\u00e9szetv\u00e9delmi Szervezet: <\/p>\n<p>-&#8220;2018 \u00e9v f\u00e1ja a vir\u00e1gos k\u0151ris vagy m\u00e1s n\u00e9ven mannak\u0151ris. Ez egy harmadrend fa. Alacsony termet\u0171, a fatermeszt\u00e9s szempontj\u00e1b\u00f3l \u00fagymond jelent\u00e9ktelen fa. \u00c1ltal\u00e1ban olyan f\u00e1t szoktak v\u00e1lasztani, melyek nem a nagys\u00e1gukkal, hatalmasra n\u0151tt termet\u00fckkel uralj\u00e1k a f\u00e1k vil\u00e1g\u00e1t, hanem szer\u00e9nyen meglapulnak. Olyan szempontb\u00f3l viszont  fontos a jelenl\u00e9t\u00fck, hogy a biodiverzit\u00e1st, a  biol\u00f3giai soksz\u00edn\u0171s\u00e9get, az \u00e9l\u0151vil\u00e1g soksz\u00edn\u0171s\u00e9g\u00e9t n\u00f6velik ezek a fafajok. &#8211;<\/p>\n<p>A 6-8 -10 m\u00e9terre n\u00f6v\u0151 f\u00e1nak a h\u00e1rshoz hasonl\u00f3an jellegzetes illata, sz\u00e9p bugavir\u00e1gzata van, mely m\u00e1jusban ny\u00edlik ,  elvar\u00e1zsolva az erd\u0151j\u00e1r\u00f3t. \u00d5szi lombja a s\u00e1rg\u00e1t\u00f3l a lil\u00e1ig sokf\u00e9le sz\u00edn\u00e1rnyalatban pomp\u00e1zik. <\/p>\n<p> Urb\u00e1n S\u00e1ndor eln\u00f6k J\u00e1szkun Term\u00e9szetv\u00e9delmi Szervezet: <br \/>-&#8220;A dun\u00e1nt\u00fali r\u00e9gi\u00f3ban elterjedt. Itt az Alf\u00f6ld\u00f6n nem \u00e9rzi j\u00f3l mag\u00e1t, t\u00fal sz\u00e1raz \u00e9s k\u00f6t\u00f6tt a talaj sz\u00e1m\u00e1ra.  Megy\u00e9nkben \u00fcltetett \u00e1llom\u00e1nya Pusztamonostor t\u00e9rs\u00e9g\u00e9ben vannak a vas\u00fat\u00e1llom\u00e1s k\u00f6rny\u00e9k\u00e9n. Nagyon sz\u00e9pek, gy\u00f6ny\u00f6r\u0171ek. &#8211;<\/p>\n<p>Ipari felhaszn\u00e1l\u00e1sra alkalmatlan a fa, nincs gazdas\u00e1gi haszna, \u00edgy nem is szapor\u00edtj\u00e1k. A szavaz\u00f3k  \u00f6sszesen 1543 \u00e9rv\u00e9nyes szavazatot adtak le. A vir\u00e1gos k\u0151ris a feh\u00e9r f\u00fczet \u00e9s a rezg\u0151 ny\u00e1rf\u00e1t utas\u00edtotta maga m\u00f6g\u00e9. <br \/> &nbsp;<div style=\"width: 640px;\" class=\"wp-video\"><!--[if lt IE 9]><script>document.createElement('video');<\/script><![endif]-->\n<video class=\"wp-video-shortcode\" id=\"video-7862-1\" width=\"640\" height=\"360\" preload=\"metadata\" controls=\"controls\"><source type=\"video\/mp4\" src=\"\/spots\/hir\/hir_180105_04.mp4?_=1\" \/><a href=\"\/spots\/hir\/hir_180105_04.mp4\">\/spots\/hir\/hir_180105_04.mp4<\/a><\/video><\/div><\/p>\n","protected":false},"excerpt":{"rendered":"<p>Az Orsz\u00e1gos Erd\u00e9szeti Egyes\u00fclet \u00e9s az \u00c9v F\u00e1ja Kurat\u00f3rium id\u00e9n ism\u00e9t lehet\u0151v\u00e9 tette, hogy az egyes\u00fclet \u00e1gazati h\u00edrport\u00e1lj\u00e1n \u00e9s az \u00c9v f\u00e1ja tematikus weblapon kereszt\u00fcl szavazzanak az erd\u00e9szek \u00e9s a szakm\u00e1n k\u00edv\u00fcli \u00e9rdekl\u0151d\u0151k az \u00c9v f\u00e1j\u00e1ra, mellyel a 2018-as esztend\u0151 fafaj\u00e1t v\u00e1laszthatt\u00e1k meg a r\u00e9sztvev\u0151k. Urb\u00e1n S\u00e1ndor eln\u00f6k J\u00e1szkun Term\u00e9szetv\u00e9delmi Szervezet: -&#8220;2018 \u00e9v f\u00e1ja a [&hellip;]<\/p>\n","protected":false},"author":2,"featured_media":0,"comment_status":"closed","ping_status":"closed","sticky":false,"template":"","format":"standard","meta":[],"categories":[9],"tags":[],"_links":{"self":[{"href":"http:\/\/archiv.szolnoktv.hu\/index.php?rest_route=\/wp\/v2\/posts\/7862"}],"collection":[{"href":"http:\/\/archiv.szolnoktv.hu\/index.php?rest_route=\/wp\/v2\/posts"}],"about":[{"href":"http:\/\/archiv.szolnoktv.hu\/index.php?rest_route=\/wp\/v2\/types\/post"}],"author":[{"embeddable":true,"href":"http:\/\/archiv.szolnoktv.hu\/index.php?rest_route=\/wp\/v2\/users\/2"}],"replies":[{"embeddable":true,"href":"http:\/\/archiv.szolnoktv.hu\/index.php?rest_route=%2Fwp%2Fv2%2Fcomments&post=7862"}],"version-history":[{"count":1,"href":"http:\/\/archiv.szolnoktv.hu\/index.php?rest_route=\/wp\/v2\/posts\/7862\/revisions"}],"predecessor-version":[{"id":7877,"href":"http:\/\/archiv.szolnoktv.hu\/index.php?rest_route=\/wp\/v2\/posts\/7862\/revisions\/7877"}],"wp:attachment":[{"href":"http:\/\/archiv.szolnoktv.hu\/index.php?rest_route=%2Fwp%2Fv2%2Fmedia&parent=7862"}],"wp:term":[{"taxonomy":"category","embeddable":true,"href":"http:\/\/archiv.szolnoktv.hu\/index.php?rest_route=%2Fwp%2Fv2%2Fcategories&post=7862"},{"taxonomy":"post_tag","embeddable":true,"href":"http:\/\/archiv.szolnoktv.hu\/index.php?rest_route=%2Fwp%2Fv2%2Ftags&post=7862"}],"curies":[{"name":"wp","href":"https:\/\/api.w.org\/{rel}","templated":true}]}}