{"id":7859,"date":"2018-01-05T13:56:54","date_gmt":"2018-01-05T13:56:54","guid":{"rendered":"http:\/\/archiv.szolnoktv.hu\/?p=7859"},"modified":"2021-08-13T14:31:20","modified_gmt":"2021-08-13T14:31:20","slug":"girnt-vilmos-kiallitas","status":"publish","type":"post","link":"http:\/\/archiv.szolnoktv.hu\/?p=7859","title":{"rendered":"Girnt Vilmos ki\u00e1ll\u00edt\u00e1s<br>"},"content":{"rendered":"<div class='booster-block booster-read-block'><\/div><p>K\u00e9k, narancs, v\u00f6r\u00f6s, lila, z\u00f6ld. Sz\u00ednek sokas\u00e1ga, azok egys\u00e9ge jellemzi Girnt Vilmos munk\u00e1ss\u00e1g\u00e1t. Haszn\u00e1lja az alap- \u00e9s a komplementer sz\u00edneket, ezek alkalmaz\u00e1s\u00e1val \u00e9r el fest\u0151i hat\u00e1sokat. Er\u0151teljes sz\u00ednei megmozgatj\u00e1k az \u00e9rzelmeket. Egyedi l\u00e1t\u00e1sm\u00f3dja, formavil\u00e1ga senki m\u00e1s\u00e9val nem \u00f6sszet\u00e9veszthet\u0151. M\u00e1r gyermekkor\u00e1ban sz\u00edvesen rajzolt, 1981-ben egy p\u00e1ly\u00e1zat jelentette sz\u00e1m\u00e1ra az \u00e1tt\u00f6r\u00e9st. K\u00e9pezte mag\u00e1t, megismerte a fest\u0151i technik\u00e1kat, de az akril fest\u00e9s ragadta meg legink\u00e1bb. M\u0171v\u00e9szet\u00e9t sz\u00e1mos d\u00edjjal ismert\u00e9k el.<\/p>\n<p>K\u00fcl\u00f6nleges k\u00e9peinek ki\u00e1ll\u00edt\u00e1s megnyit\u00f3j\u00e1n k\u00fcl\u00f6nleges hangulatot var\u00e1zsoltak az \u00e9rdekl\u0151d\u0151k el\u00e9 a H\u00edd Sz\u00ednh\u00e1z m\u0171v\u00e9szei, kik form\u00e1kkal \u00e9s sz\u00ednekkel j\u00e1tszottak.<\/p>\n<p>Girnt Vilmos els\u0151sorban emberi alakokat fest, \u00e9s sz\u00edvesen j\u00e1tszik a form\u00e1kkal. K\u00e9pei tr\u00e9f\u00e1sak, j\u00e1t\u00e9kosak \u00e9s m\u00e9ly mondanival\u00f3t tartalmaznak. \u00c9rdemes elid\u0151zni el\u0151tt\u00fck. A vonalak, az alakok felosztotts\u00e1ga, megfest\u00e9se elgondolkodtat\u00f3. A ki\u00e1ll\u00edt\u00e1s febru\u00e1r 2-ig tekinthet\u0151 meg a Verseghy Ferenc k\u00f6nyvt\u00e1r M\u0171v\u00e9szeti Szalonj\u00e1ban. &nbsp;<div style=\"width: 640px;\" class=\"wp-video\"><!--[if lt IE 9]><script>document.createElement('video');<\/script><![endif]-->\n<video class=\"wp-video-shortcode\" id=\"video-7859-1\" width=\"640\" height=\"360\" preload=\"metadata\" controls=\"controls\"><source type=\"video\/mp4\" src=\"\/spots\/hir\/hir_180105_01.mp4?_=1\" \/><a href=\"\/spots\/hir\/hir_180105_01.mp4\">\/spots\/hir\/hir_180105_01.mp4<\/a><\/video><\/div><\/p>\n","protected":false},"excerpt":{"rendered":"<p>K\u00e9k, narancs, v\u00f6r\u00f6s, lila, z\u00f6ld. Sz\u00ednek sokas\u00e1ga, azok egys\u00e9ge jellemzi Girnt Vilmos munk\u00e1ss\u00e1g\u00e1t. Haszn\u00e1lja az alap- \u00e9s a komplementer sz\u00edneket, ezek alkalmaz\u00e1s\u00e1val \u00e9r el fest\u0151i hat\u00e1sokat. Er\u0151teljes sz\u00ednei megmozgatj\u00e1k az \u00e9rzelmeket. Egyedi l\u00e1t\u00e1sm\u00f3dja, formavil\u00e1ga senki m\u00e1s\u00e9val nem \u00f6sszet\u00e9veszthet\u0151. M\u00e1r gyermekkor\u00e1ban sz\u00edvesen rajzolt, 1981-ben egy p\u00e1ly\u00e1zat jelentette sz\u00e1m\u00e1ra az \u00e1tt\u00f6r\u00e9st. K\u00e9pezte mag\u00e1t, megismerte a fest\u0151i technik\u00e1kat, [&hellip;]<\/p>\n","protected":false},"author":2,"featured_media":0,"comment_status":"closed","ping_status":"closed","sticky":false,"template":"","format":"standard","meta":[],"categories":[9],"tags":[],"_links":{"self":[{"href":"http:\/\/archiv.szolnoktv.hu\/index.php?rest_route=\/wp\/v2\/posts\/7859"}],"collection":[{"href":"http:\/\/archiv.szolnoktv.hu\/index.php?rest_route=\/wp\/v2\/posts"}],"about":[{"href":"http:\/\/archiv.szolnoktv.hu\/index.php?rest_route=\/wp\/v2\/types\/post"}],"author":[{"embeddable":true,"href":"http:\/\/archiv.szolnoktv.hu\/index.php?rest_route=\/wp\/v2\/users\/2"}],"replies":[{"embeddable":true,"href":"http:\/\/archiv.szolnoktv.hu\/index.php?rest_route=%2Fwp%2Fv2%2Fcomments&post=7859"}],"version-history":[{"count":1,"href":"http:\/\/archiv.szolnoktv.hu\/index.php?rest_route=\/wp\/v2\/posts\/7859\/revisions"}],"predecessor-version":[{"id":7880,"href":"http:\/\/archiv.szolnoktv.hu\/index.php?rest_route=\/wp\/v2\/posts\/7859\/revisions\/7880"}],"wp:attachment":[{"href":"http:\/\/archiv.szolnoktv.hu\/index.php?rest_route=%2Fwp%2Fv2%2Fmedia&parent=7859"}],"wp:term":[{"taxonomy":"category","embeddable":true,"href":"http:\/\/archiv.szolnoktv.hu\/index.php?rest_route=%2Fwp%2Fv2%2Fcategories&post=7859"},{"taxonomy":"post_tag","embeddable":true,"href":"http:\/\/archiv.szolnoktv.hu\/index.php?rest_route=%2Fwp%2Fv2%2Ftags&post=7859"}],"curies":[{"name":"wp","href":"https:\/\/api.w.org\/{rel}","templated":true}]}}