{"id":7849,"date":"2018-01-03T17:30:25","date_gmt":"2018-01-03T17:30:25","guid":{"rendered":"http:\/\/archiv.szolnoktv.hu\/?p=7849"},"modified":"2021-08-13T14:31:22","modified_gmt":"2021-08-13T14:31:22","slug":"haz-robbanas-ujszaszon","status":"publish","type":"post","link":"http:\/\/archiv.szolnoktv.hu\/?p=7849","title":{"rendered":"H\u00e1z robban\u00e1s \u00dajsz\u00e1szon<br>"},"content":{"rendered":"<div class='booster-block booster-read-block'><\/div><p>Mintha bombatal\u00e1lat \u00e9rte volna \u00dajsz\u00e1szon, a Csillag \u00faton ezt a csal\u00e1di h\u00e1zat. Szerda d\u00e9lut\u00e1n \u00f3ri\u00e1si robban\u00e1s r\u00e1zta meg a k\u00f6rny\u00e9ket, ekkor omlott \u00f6ssze az \u00e9p\u00fclet. A deton\u00e1ci\u00f3 akkor volt, hogy a teteje, a ker\u00edt\u00e9s, a cserepek az utca m\u00e1sik oldal\u00e1ig rep\u00fcltek. A szolnoki t\u0171zolt\u00f3k nem sokkal a bejelent\u00e9st k\u00f6vet\u0151en \u00e9rkeztek a helysz\u00ednre \u00e9rkeztek. Mire oda\u00e9rtek, a romok k\u00f6z\u00fcl el\u0151m\u00e1szott a bent lak\u00f3 50 \u00e9v k\u00f6r\u00fcli fiatalember.<\/p>\n<p>A f\u00e9rfi olyan s\u00falyos \u00e9g\u00e9si \u00e9s egy\u00e9b s\u00e9r\u00fcl\u00e9seket szenvedett, hogy ment\u0151helikopterrel kellett Budapestre, k\u00f3rh\u00e1zba sz\u00e1ll\u00edtani. Csod\u00e1val hat\u00e1ros, hogy nem t\u00f6rt\u00e9nt hal\u00e1los trag\u00e9dia, \u00e9s hogy a szomsz\u00e9dok k\u00f6z\u00fcl sem s\u00e9r\u00fclt meg senki. P\u00e1link\u00e1s Gyula szembe-szomsz\u00e9d \u00e9pp a cserepeket pakolja. N\u00e1luk is minden ablak kit\u00f6rt.<\/p>\n<p>&#8220;Bel\u00e9pek a szob\u00e1ba<\/p>\n","protected":false},"excerpt":{"rendered":"<p>Mintha bombatal\u00e1lat \u00e9rte volna \u00dajsz\u00e1szon, a Csillag \u00faton ezt a csal\u00e1di h\u00e1zat. Szerda d\u00e9lut\u00e1n \u00f3ri\u00e1si robban\u00e1s r\u00e1zta meg a k\u00f6rny\u00e9ket, ekkor omlott \u00f6ssze az \u00e9p\u00fclet. A deton\u00e1ci\u00f3 akkor volt, hogy a teteje, a ker\u00edt\u00e9s, a cserepek az utca m\u00e1sik oldal\u00e1ig rep\u00fcltek. A szolnoki t\u0171zolt\u00f3k nem sokkal a bejelent\u00e9st k\u00f6vet\u0151en \u00e9rkeztek a helysz\u00ednre \u00e9rkeztek. Mire oda\u00e9rtek, [&hellip;]<\/p>\n","protected":false},"author":2,"featured_media":0,"comment_status":"closed","ping_status":"closed","sticky":false,"template":"","format":"standard","meta":[],"categories":[9],"tags":[],"_links":{"self":[{"href":"http:\/\/archiv.szolnoktv.hu\/index.php?rest_route=\/wp\/v2\/posts\/7849"}],"collection":[{"href":"http:\/\/archiv.szolnoktv.hu\/index.php?rest_route=\/wp\/v2\/posts"}],"about":[{"href":"http:\/\/archiv.szolnoktv.hu\/index.php?rest_route=\/wp\/v2\/types\/post"}],"author":[{"embeddable":true,"href":"http:\/\/archiv.szolnoktv.hu\/index.php?rest_route=\/wp\/v2\/users\/2"}],"replies":[{"embeddable":true,"href":"http:\/\/archiv.szolnoktv.hu\/index.php?rest_route=%2Fwp%2Fv2%2Fcomments&post=7849"}],"version-history":[{"count":1,"href":"http:\/\/archiv.szolnoktv.hu\/index.php?rest_route=\/wp\/v2\/posts\/7849\/revisions"}],"predecessor-version":[{"id":7890,"href":"http:\/\/archiv.szolnoktv.hu\/index.php?rest_route=\/wp\/v2\/posts\/7849\/revisions\/7890"}],"wp:attachment":[{"href":"http:\/\/archiv.szolnoktv.hu\/index.php?rest_route=%2Fwp%2Fv2%2Fmedia&parent=7849"}],"wp:term":[{"taxonomy":"category","embeddable":true,"href":"http:\/\/archiv.szolnoktv.hu\/index.php?rest_route=%2Fwp%2Fv2%2Fcategories&post=7849"},{"taxonomy":"post_tag","embeddable":true,"href":"http:\/\/archiv.szolnoktv.hu\/index.php?rest_route=%2Fwp%2Fv2%2Ftags&post=7849"}],"curies":[{"name":"wp","href":"https:\/\/api.w.org\/{rel}","templated":true}]}}