{"id":7830,"date":"2018-01-02T13:50:21","date_gmt":"2018-01-02T13:50:21","guid":{"rendered":"http:\/\/archiv.szolnoktv.hu\/?p=7830"},"modified":"2021-08-13T07:24:22","modified_gmt":"2021-08-13T07:24:22","slug":"a-szilveszter-a-kutyakat-is-megriasztotta","status":"publish","type":"post","link":"http:\/\/archiv.szolnoktv.hu\/?p=7830","title":{"rendered":"A Szilveszter a kuty\u00e1kat is megriasztotta<br>"},"content":{"rendered":"<div class='booster-block booster-read-block'><\/div><p>-Fel\u00edrn\u00e1m az adatokat. Volt a kuty\u00e1ban chip?&#8221;<\/p>\n<p>A Szolnoki \u00c1llatotthon \u00fcgyelet\u00e9re d\u00e9lben \u00e9rkezett az els\u0151 telefonh\u00edv\u00e1s. Egy elt\u0171nt vizsl\u00e1t kerestek&#8230;. Az otthon munkat\u00e1rsai egy\u00e9bk\u00e9nt \u00fcgyeletben voltak eg\u00e9sz \u00e9jszaka. Aut\u00f3val j\u00e1rt\u00e1k a v\u00e1rost, \u00e1m ez\u00fattal nem akadt dolguk. Megjelent ugyan egy felh\u00edv\u00e1s este a Facebookon, de k\u00e9s\u0151bb levett\u00e9k, mert megker\u00fclt az elk\u00f3borolt h\u00e1zikedvenc.. <\/p>\n<p>D\u00e9lut\u00e1n \u00f6t \u00f3rakor kirohant Fick\u00f3. Kerest\u00fck olyan kilenc \u00f3r\u00e1ig. Nem tudom h\u00e1ny k\u00f6rt ment\u00fcnk a g\u00e1ton itt a k\u00f6rny\u00e9ken \u00e9s \u00e9jf\u00e9l el\u0151tt \u00f6t perccel megjelent a kapuban.&#8221;- mondja a Retek utc\u00e1ban \u00e9l\u0151 Simanek Katalin.<\/p>\n<p>Fick\u00f3t 3 \u00e9ve hozt\u00e1k el a szolnoki kutyamenhelyr\u0151l. Eddig minden Szilveszterkor bevitt\u00e9k a lak\u00e1sba, \u00e1m most elk\u00e9stek vele. A k\u00f6rny\u00e9ken m\u00e1r d\u00e9lut\u00e1n eldurrantak az els\u0151 t\u00fczij\u00e1t\u00e9k rak\u00e9t\u00e1k. A Szolnoki \u00e1llatotthon f\u0151munkat\u00e1rsa, Tarpai Enik\u0151 szerint  lej\u00e1rt a falragaszok kora, az elt\u0171nt ebek megtal\u00e1l\u00e1s\u00e1ra az internet ny\u00fajtja a leghat\u00e9konyabb megold\u00e1st.<\/p>\n<p>-A k\u00f6z\u00f6ss\u00e9gi oldalnak van a legnagyobb ereje ilyen t\u00e9ren. J\u00f3 ha a kuty\u00e1r\u00f3l van egy fot\u00f3, azt mindig k\u00e9rj\u00fck ilyen esetben. H\u00e1l istennek el\u0151 szoktak ker\u00fclni a kuty\u00e1k, illetve legjobb ha chipelve vannak ezek az ebek.&#8221;<\/p>\n<p>A rend\u0151rs\u00e9g munkat\u00e1rsainak is akadt dolguk az \u00e9jszaka folyam\u00e1n. Nem sokkal \u00e9jf\u00e9l ut\u00e1n egy pirotechniai eszk\u00f6zt\u0151l megs\u00e9r\u00fclt kuty\u00e1t l\u00e1ttak el Szolnokon, der\u00fcl ki a szerkeszt\u0151s\u00e9g\u00fcnkh\u00f6z eljuttatott k\u00f6zlem\u00e9nyb\u0151l.<br \/>  &nbsp;<div style=\"width: 640px;\" class=\"wp-video\"><!--[if lt IE 9]><script>document.createElement('video');<\/script><![endif]-->\n<video class=\"wp-video-shortcode\" id=\"video-7830-1\" width=\"640\" height=\"360\" preload=\"metadata\" controls=\"controls\"><source type=\"video\/mp4\" src=\"\/spots\/hir\/hir_180102_02.mp4?_=1\" \/><a href=\"\/spots\/hir\/hir_180102_02.mp4\">\/spots\/hir\/hir_180102_02.mp4<\/a><\/video><\/div><\/p>\n","protected":false},"excerpt":{"rendered":"<p>-Fel\u00edrn\u00e1m az adatokat. Volt a kuty\u00e1ban chip?&#8221; A Szolnoki \u00c1llatotthon \u00fcgyelet\u00e9re d\u00e9lben \u00e9rkezett az els\u0151 telefonh\u00edv\u00e1s. Egy elt\u0171nt vizsl\u00e1t kerestek&#8230;. Az otthon munkat\u00e1rsai egy\u00e9bk\u00e9nt \u00fcgyeletben voltak eg\u00e9sz \u00e9jszaka. Aut\u00f3val j\u00e1rt\u00e1k a v\u00e1rost, \u00e1m ez\u00fattal nem akadt dolguk. Megjelent ugyan egy felh\u00edv\u00e1s este a Facebookon, de k\u00e9s\u0151bb levett\u00e9k, mert megker\u00fclt az elk\u00f3borolt h\u00e1zikedvenc.. D\u00e9lut\u00e1n \u00f6t \u00f3rakor [&hellip;]<\/p>\n","protected":false},"author":2,"featured_media":0,"comment_status":"closed","ping_status":"closed","sticky":false,"template":"","format":"standard","meta":[],"categories":[9],"tags":[],"_links":{"self":[{"href":"http:\/\/archiv.szolnoktv.hu\/index.php?rest_route=\/wp\/v2\/posts\/7830"}],"collection":[{"href":"http:\/\/archiv.szolnoktv.hu\/index.php?rest_route=\/wp\/v2\/posts"}],"about":[{"href":"http:\/\/archiv.szolnoktv.hu\/index.php?rest_route=\/wp\/v2\/types\/post"}],"author":[{"embeddable":true,"href":"http:\/\/archiv.szolnoktv.hu\/index.php?rest_route=\/wp\/v2\/users\/2"}],"replies":[{"embeddable":true,"href":"http:\/\/archiv.szolnoktv.hu\/index.php?rest_route=%2Fwp%2Fv2%2Fcomments&post=7830"}],"version-history":[{"count":1,"href":"http:\/\/archiv.szolnoktv.hu\/index.php?rest_route=\/wp\/v2\/posts\/7830\/revisions"}],"predecessor-version":[{"id":7835,"href":"http:\/\/archiv.szolnoktv.hu\/index.php?rest_route=\/wp\/v2\/posts\/7830\/revisions\/7835"}],"wp:attachment":[{"href":"http:\/\/archiv.szolnoktv.hu\/index.php?rest_route=%2Fwp%2Fv2%2Fmedia&parent=7830"}],"wp:term":[{"taxonomy":"category","embeddable":true,"href":"http:\/\/archiv.szolnoktv.hu\/index.php?rest_route=%2Fwp%2Fv2%2Fcategories&post=7830"},{"taxonomy":"post_tag","embeddable":true,"href":"http:\/\/archiv.szolnoktv.hu\/index.php?rest_route=%2Fwp%2Fv2%2Ftags&post=7830"}],"curies":[{"name":"wp","href":"https:\/\/api.w.org\/{rel}","templated":true}]}}