{"id":7637,"date":"2019-11-15T15:42:30","date_gmt":"2019-11-15T15:42:30","guid":{"rendered":"http:\/\/archiv.szolnoktv.hu\/?p=7637"},"modified":"2021-08-12T16:41:37","modified_gmt":"2021-08-12T16:41:37","slug":"latni-es-latszani-kampany-2","status":"publish","type":"post","link":"http:\/\/archiv.szolnoktv.hu\/?p=7637","title":{"rendered":"L\u00e1tni \u00e9s l\u00e1tszani kamp\u00e1ny<br>"},"content":{"rendered":"<div class='booster-block booster-read-block'><\/div><p>Az Orsz\u00e1gos Balesetmegel\u0151z\u00e9si Bizotts\u00e1g id\u00e9n is meghirdette a L\u00e1tni \u00e9s l\u00e1tszani k\u00f6zleked\u00e9si kamp\u00e1nyt. A megyei rend\u0151r-f\u0151kapit\u00e1nys\u00e1g baleset-megel\u0151z\u00e9si munkat\u00e1rsai a kamp\u00e1nyhoz csatlakozva k hetente k\u00e9t alkalommal k\u00fcl\u00f6nb\u00f6z\u0151 \u00fczemanyagt\u00f6lt\u0151 \u00e1llom\u00e1sokra mennek, ahol a l\u00e1that\u00f3s\u00e1gi vizsg\u00e1lat \u00e9s a j\u00e1rm\u0171vek m\u0171szaki \u00e1llapot\u00e1nak ellen\u0151rz\u00e9se mellett k\u00fcl\u00f6nb\u00f6z\u0151, a l\u00e1that\u00f3s\u00e1got el\u0151seg\u00edt\u0151 eszk\u00f6z\u00f6ket osztanak.<\/p>\n<p>L\u00e1t\u00e1svizsg\u00e1lat az egyik benzin\u00faton. A L\u00e1tni \u00e9s l\u00e1tszani program egyik fontos eleme az, hogy a sof\u0151r szeme is kiv\u00e1l\u00f3 \u00e1llapotban legyen. A baleset-megel\u0151z\u00e9si bizotts\u00e1g munkat\u00e1rsai tesztlappal is k\u00e9sz\u00fcltek, hiszen hi\u00e1ba a j\u00f3 l\u00e1t\u00e1s, ha nem vagyunk tiszt\u00e1ban a KRESZ szab\u00e1lyaival. Minden kit\u00f6lt\u0151 l\u00e1that\u00f3s\u00e1gi eszk\u00f6z\u00f6ket kapott. A l\u00e1t\u00e1son t\u00fal fontos a l\u00e1that\u00f3s\u00e1g, a vil\u00e1g\u00edt\u00f3berendez\u00e9sek ellen\u0151rz\u00e9se, ezt a programhoz csatlakoz\u00f3 szerv\u00edzek most ingyen elv\u00e9gzik. De nem csak az a fontos, hogy az aut\u00f3st j\u00f3l l\u00e1ss\u00e1k, hanem az is, hogy az aut\u00f3s j\u00f3l l\u00e1sson.<\/p>\n<p>D\u00e1vid M\u00f3nika r. \u0151rnagy, a J\u00e1sz-Nagykun-Szolnok Megyei Rend\u0151r-f\u0151kapit\u00e1nys\u00e1g :  &#8220;Magunkat is fel kell k\u00e9sz\u00edteni, hiszen reggel lehet, hogy kor\u00e1bban kell elindulni, hogy a j\u00e1rm\u0171 sz\u00e9lv\u00e9d\u0151j\u00e9t, ak\u00e1r el\u00f6l, ak\u00e1r oldalt megtiszt\u00edtsuk. Ha egy gyalogos vagy egy ker\u00e9kp\u00e1ros k\u00f6zlekedik r\u00e1nk mer\u0151legesen \u0151ket is l\u00e1ssuk ez\u00e9rt nagyon fontos, hogy oldalr\u00f3l is rendbe legyen az aut\u00f3 sz\u00e9lv\u00e9d\u0151je.&#8221; <\/p>\n<p>D\u00e1vid M\u00f3nika felh\u00edvta a figyelmet arra is, hogy ideje a ny\u00e1ri gumi cser\u00e9je, az aut\u00f3t fel\u00f6lteni t\u00e9li sz\u00e9lv\u00e9d\u0151mos\u00f3 folyad\u00e9kkal, valamint a p\u00e1r\u00e1tlan\u00edt\u00f3 berendez\u00e9sek, t\u00f6rl\u0151lap\u00e1tok, m\u0171k\u00f6d\u00e9s\u00e9nek ellen\u0151rz\u00e9se. No meg persze a sof\u0151r gondolkod\u00e1sm\u00f3dj\u00e1nak \u00e1t\u00e1ll\u00edt\u00e1s\u00e1ra is.<\/p>\n<p>D\u00e1vid M\u00f3nika r. \u0151rnagy, a J\u00e1sz-Nagykun-Szolnok Megyei Rend\u0151r-f\u0151kapit\u00e1nys\u00e1g:  &#8220;Amikor j\u00f3l j\u00e1rhat\u00f3k az utak, de m\u00e9g ez nem l\u00e1that\u00f3, akkor sajnos s\u00falyos balesetek is bek\u00f6vetkezhetnek, arr\u00f3l nem is besz\u00e9lve, hogy ak\u00e1r a rossz l\u00e1t\u00e1si k\u00f6r\u00fclm\u00e9nyek miatt, ak\u00e1r mert nem tartj\u00e1k be a szab\u00e1lyokat t\u00f6rt\u00e9nik egy nagy erej\u0171 \u00fctk\u00f6z\u00e9s \u00e9s akkor s\u00falyos kimenetel\u0171ek ezek a balesetek.&#8221; <\/p>\n<p>Nem csak az aut\u00f3sokr\u00f3l, hanem a ker\u00e9kp\u00e1rosokr\u00f3l \u00e9s a gyalogosokr\u00f3l is sz\u00f3l a kamp\u00e1ny. Sokszor ugyanis szab\u00e1lytalanul, nem a kijel\u00f6lt helyeken k\u00f6zlekednek, r\u00e1ad\u00e1sul  &#8220;l\u00e1thatatlanul&#8221;  ugyanis sem l\u00e1mp\u00e1t, sem f\u00e9nyvisszaver\u0151t nem haszn\u00e1lnak, hordanak.  <br \/> &nbsp;<div style=\"width: 640px;\" class=\"wp-video\"><!--[if lt IE 9]><script>document.createElement('video');<\/script><![endif]-->\n<video class=\"wp-video-shortcode\" id=\"video-7637-1\" width=\"640\" height=\"360\" preload=\"metadata\" controls=\"controls\"><source type=\"video\/mp4\" src=\"\/spots\/hir\/hir_191115_03.mp4?_=1\" \/><a href=\"\/spots\/hir\/hir_191115_03.mp4\">\/spots\/hir\/hir_191115_03.mp4<\/a><\/video><\/div><\/p>\n","protected":false},"excerpt":{"rendered":"<p>Az Orsz\u00e1gos Balesetmegel\u0151z\u00e9si Bizotts\u00e1g id\u00e9n is meghirdette a L\u00e1tni \u00e9s l\u00e1tszani k\u00f6zleked\u00e9si kamp\u00e1nyt. A megyei rend\u0151r-f\u0151kapit\u00e1nys\u00e1g baleset-megel\u0151z\u00e9si munkat\u00e1rsai a kamp\u00e1nyhoz csatlakozva k hetente k\u00e9t alkalommal k\u00fcl\u00f6nb\u00f6z\u0151 \u00fczemanyagt\u00f6lt\u0151 \u00e1llom\u00e1sokra mennek, ahol a l\u00e1that\u00f3s\u00e1gi vizsg\u00e1lat \u00e9s a j\u00e1rm\u0171vek m\u0171szaki \u00e1llapot\u00e1nak ellen\u0151rz\u00e9se mellett k\u00fcl\u00f6nb\u00f6z\u0151, a l\u00e1that\u00f3s\u00e1got el\u0151seg\u00edt\u0151 eszk\u00f6z\u00f6ket osztanak. L\u00e1t\u00e1svizsg\u00e1lat az egyik benzin\u00faton. A L\u00e1tni \u00e9s l\u00e1tszani program [&hellip;]<\/p>\n","protected":false},"author":2,"featured_media":0,"comment_status":"closed","ping_status":"closed","sticky":false,"template":"","format":"standard","meta":[],"categories":[8],"tags":[],"_links":{"self":[{"href":"http:\/\/archiv.szolnoktv.hu\/index.php?rest_route=\/wp\/v2\/posts\/7637"}],"collection":[{"href":"http:\/\/archiv.szolnoktv.hu\/index.php?rest_route=\/wp\/v2\/posts"}],"about":[{"href":"http:\/\/archiv.szolnoktv.hu\/index.php?rest_route=\/wp\/v2\/types\/post"}],"author":[{"embeddable":true,"href":"http:\/\/archiv.szolnoktv.hu\/index.php?rest_route=\/wp\/v2\/users\/2"}],"replies":[{"embeddable":true,"href":"http:\/\/archiv.szolnoktv.hu\/index.php?rest_route=%2Fwp%2Fv2%2Fcomments&post=7637"}],"version-history":[{"count":1,"href":"http:\/\/archiv.szolnoktv.hu\/index.php?rest_route=\/wp\/v2\/posts\/7637\/revisions"}],"predecessor-version":[{"id":7656,"href":"http:\/\/archiv.szolnoktv.hu\/index.php?rest_route=\/wp\/v2\/posts\/7637\/revisions\/7656"}],"wp:attachment":[{"href":"http:\/\/archiv.szolnoktv.hu\/index.php?rest_route=%2Fwp%2Fv2%2Fmedia&parent=7637"}],"wp:term":[{"taxonomy":"category","embeddable":true,"href":"http:\/\/archiv.szolnoktv.hu\/index.php?rest_route=%2Fwp%2Fv2%2Fcategories&post=7637"},{"taxonomy":"post_tag","embeddable":true,"href":"http:\/\/archiv.szolnoktv.hu\/index.php?rest_route=%2Fwp%2Fv2%2Ftags&post=7637"}],"curies":[{"name":"wp","href":"https:\/\/api.w.org\/{rel}","templated":true}]}}