{"id":7275,"date":"2019-01-09T13:45:57","date_gmt":"2019-01-09T13:45:57","guid":{"rendered":"http:\/\/archiv.szolnoktv.hu\/?p=7275"},"modified":"2021-08-12T07:54:03","modified_gmt":"2021-08-12T07:54:03","slug":"nott-az-influenzaszeru-megbetegedesek-szama","status":"publish","type":"post","link":"http:\/\/archiv.szolnoktv.hu\/?p=7275","title":{"rendered":"N\u0151tt az influenzaszer\u0171 megbeteged\u00e9sek sz\u00e1ma"},"content":{"rendered":"<div class='booster-block booster-read-block'><\/div><p>Az orsz\u00e1gos helyzethez hasonl\u00f3an megy\u00e9nkben is jelent\u0151sen emelkedett  az influenzaszer\u0171 t\u00fcnetekkel orvoshoz fordul\u00f3 betegek sz\u00e1ma, de m\u00e9g nem \u00e9rte el a j\u00e1rv\u00e1nyk\u00fcsz\u00f6b\u00f6t. \u00c9ppen ez\u00e9rt m\u00e9g mindig \u00e9rdemes beadatni a v\u00e9d\u0151olt\u00e1st, mely a kr\u00f3nikus betegeknek \u00e9s a hatvan \u00e9v felettieknek tov\u00e1bbra is ingyenes. A j\u00e1rv\u00e1ny v\u00e1rhat\u00f3an janu\u00e1r v\u00e9g\u00e9re \u00e9ri el az orsz\u00e1got \u00e9s megy\u00e9nket. <\/p>\n<p>Influenzav\u00edrust megy\u00e9nkben m\u00e9g nem mutattak ki, \u00e1m az influenzaszer\u0171 megbeteged\u00e9sek sz\u00e1ma folyamatosan n\u0151 &#8211; mondta Dr. Farag\u00f3 \u00c9va. A helyettes megyei tiszti f\u0151orvos hozz\u00e1tette: a betegek csaknem 30%-a 15 \u00e9ven aluli, 32% pedig 35-59 \u00e9v k\u00f6z\u00f6tti. <br \/> &#8220;Amikor elkezd\u0151dik a szezon, akkor 100 ezer lakosb\u00f3l 0-10-20 k\u00f6r\u00fcli a megbetegedtek sz\u00e1ma, ezut\u00e1n fokozatosan emelkedik. Az elm\u00falt h\u00e9ten megy\u00e9nkben ez 90 volt, a j\u00e1rv\u00e1nyk\u00fcsz\u00f6b pedig 150 lesz. \u00c1ltal\u00e1ban janu\u00e1r v\u00e9g\u00e9n, febru\u00e1r elej\u00e9n \u00e9rkezik meg a j\u00e1rv\u00e1ny az orsz\u00e1gba.  &#8220;<br \/> A h\u00e1ziorvosi rendel\u0151kben a t\u00e9r\u00edt\u00e9smentes v\u00e9d\u0151olt\u00e1s a kock\u00e1zati csoportokba tartoz\u00f3k r\u00e9sz\u00e9re tov\u00e1bbra is rendelkez\u00e9sre \u00e1ll, m\u00e1s szem\u00e9lyek pedig a gy\u00f3gyszert\u00e1ri forgalomb\u00f3l szerezhetik be.  Ingyenesen  a kr\u00f3nikus betegek, \u00e9s a 60 \u00e9v felettiek kaphatj\u00e1k meg az olt\u00f3anyagot. B\u00e1r a legt\u00f6bben m\u00e1r novemberben beadatt\u00e1k az injekci\u00f3t, most sem k\u00e9s\u0151 ig\u00e9nyelni. <br \/> &#8220;Ilyenkor janu\u00e1rban, amikor k\u00f6zeledik a j\u00e1rv\u00e1ny, akkor sokakban felmer\u00fcl, hogy van e m\u00e9g \u00e9rtelme vagy nincs. Egy\u00e9rtelm\u0171en az a v\u00e1lasz, hogy igen, mivel kett\u0151 h\u00e9t sz\u00fcks\u00e9ges hozz\u00e1, hogy az emberi szervezetben a v\u00e9detts\u00e9g kialakuljon. Erre m\u00e9g van id\u0151nk, mire a a j\u00e1rv\u00e1ny ide\u00e9r.  &#8220;<br \/>A v\u00e9d\u0151olt\u00e1s mellett fontos, hogy ezekben a hetekben mindenki fokozottan \u00fcgyeljen a higi\u00e9ni\u00e1ra &#8211; tette hozz\u00e1 Dr. Farag\u00f3 \u00c9va. Nemcsak a munkahelyeken, hanem otthon is javasolt s\u0171r\u0171n szell\u0151ztetni. Emellett a megfelel\u0151 vitaminbevitelre sem \u00e1rt \u00fcgyelni. <\/p>\n<div style=\"width: 640px;\" class=\"wp-video\"><!--[if lt IE 9]><script>document.createElement('video');<\/script><![endif]-->\n<video class=\"wp-video-shortcode\" id=\"video-7275-1\" width=\"640\" height=\"360\" preload=\"metadata\" controls=\"controls\"><source type=\"video\/mp4\" src=\"\/spots\/hir\/hir_190109_03.mp4?_=1\" \/><a href=\"\/spots\/hir\/hir_190109_03.mp4\">\/spots\/hir\/hir_190109_03.mp4<\/a><\/video><\/div>\n","protected":false},"excerpt":{"rendered":"<p>Az orsz\u00e1gos helyzethez hasonl\u00f3an megy\u00e9nkben is jelent\u0151sen emelkedett az influenzaszer\u0171 t\u00fcnetekkel orvoshoz fordul\u00f3 betegek sz\u00e1ma, de m\u00e9g nem \u00e9rte el a j\u00e1rv\u00e1nyk\u00fcsz\u00f6b\u00f6t. \u00c9ppen ez\u00e9rt m\u00e9g mindig \u00e9rdemes beadatni a v\u00e9d\u0151olt\u00e1st, mely a kr\u00f3nikus betegeknek \u00e9s a hatvan \u00e9v felettieknek tov\u00e1bbra is ingyenes. A j\u00e1rv\u00e1ny v\u00e1rhat\u00f3an janu\u00e1r v\u00e9g\u00e9re \u00e9ri el az orsz\u00e1got \u00e9s megy\u00e9nket. Influenzav\u00edrust megy\u00e9nkben [&hellip;]<\/p>\n","protected":false},"author":2,"featured_media":0,"comment_status":"closed","ping_status":"closed","sticky":false,"template":"","format":"standard","meta":[],"categories":[8],"tags":[],"_links":{"self":[{"href":"http:\/\/archiv.szolnoktv.hu\/index.php?rest_route=\/wp\/v2\/posts\/7275"}],"collection":[{"href":"http:\/\/archiv.szolnoktv.hu\/index.php?rest_route=\/wp\/v2\/posts"}],"about":[{"href":"http:\/\/archiv.szolnoktv.hu\/index.php?rest_route=\/wp\/v2\/types\/post"}],"author":[{"embeddable":true,"href":"http:\/\/archiv.szolnoktv.hu\/index.php?rest_route=\/wp\/v2\/users\/2"}],"replies":[{"embeddable":true,"href":"http:\/\/archiv.szolnoktv.hu\/index.php?rest_route=%2Fwp%2Fv2%2Fcomments&post=7275"}],"version-history":[{"count":1,"href":"http:\/\/archiv.szolnoktv.hu\/index.php?rest_route=\/wp\/v2\/posts\/7275\/revisions"}],"predecessor-version":[{"id":7320,"href":"http:\/\/archiv.szolnoktv.hu\/index.php?rest_route=\/wp\/v2\/posts\/7275\/revisions\/7320"}],"wp:attachment":[{"href":"http:\/\/archiv.szolnoktv.hu\/index.php?rest_route=%2Fwp%2Fv2%2Fmedia&parent=7275"}],"wp:term":[{"taxonomy":"category","embeddable":true,"href":"http:\/\/archiv.szolnoktv.hu\/index.php?rest_route=%2Fwp%2Fv2%2Fcategories&post=7275"},{"taxonomy":"post_tag","embeddable":true,"href":"http:\/\/archiv.szolnoktv.hu\/index.php?rest_route=%2Fwp%2Fv2%2Ftags&post=7275"}],"curies":[{"name":"wp","href":"https:\/\/api.w.org\/{rel}","templated":true}]}}