{"id":7252,"date":"2019-12-11T16:50:15","date_gmt":"2019-12-11T16:50:15","guid":{"rendered":"http:\/\/archiv.szolnoktv.hu\/?p=7252"},"modified":"2021-08-10T20:29:38","modified_gmt":"2021-08-10T20:29:38","slug":"buday-peter-karnagyra-emlekeztek","status":"publish","type":"post","link":"http:\/\/archiv.szolnoktv.hu\/?p=7252","title":{"rendered":"Buday P\u00e9ter karnagyra eml\u00e9keztek"},"content":{"rendered":"<div class='booster-block booster-read-block'><\/div><p>Eml\u00e9kki\u00e1ll\u00edt\u00e1ssal tisztelegtek Buday P\u00e9ter karnagy hal\u00e1l\u00e1nak 15. \u00e9vfordul\u00f3ja alkalm\u00e1b\u00f3l a Verseghy Ferenc K\u00f6nyvt\u00e1rban. A gy\u0171jtem\u00e9ny d\u00f6nt\u0151en a k\u00f3rusmozgalomhoz k\u00f6t\u0151d\u0151 min\u0151s\u00edt\u00e9seket, okleveleket, fot\u00f3kat vonultat f\u00f6l, de sok szem\u00e9lyes vonatkoz\u00e1s\u00fa eml\u00e9k is helyet kapott a t\u00e1rl\u00f3kban.<\/p>\n<div style=\"width: 640px;\" class=\"wp-video\"><!--[if lt IE 9]><script>document.createElement('video');<\/script><![endif]-->\n<video class=\"wp-video-shortcode\" id=\"video-7252-1\" width=\"640\" height=\"360\" preload=\"metadata\" controls=\"controls\"><source type=\"video\/mp4\" src=\"\/spots\/hir\/hir_191211_05.mp4?_=1\" \/><a href=\"\/spots\/hir\/hir_191211_05.mp4\">\/spots\/hir\/hir_191211_05.mp4<\/a><\/video><\/div>\n","protected":false},"excerpt":{"rendered":"<p>Eml\u00e9kki\u00e1ll\u00edt\u00e1ssal tisztelegtek Buday P\u00e9ter karnagy hal\u00e1l\u00e1nak 15. \u00e9vfordul\u00f3ja alkalm\u00e1b\u00f3l a Verseghy Ferenc K\u00f6nyvt\u00e1rban. A gy\u0171jtem\u00e9ny d\u00f6nt\u0151en a k\u00f3rusmozgalomhoz k\u00f6t\u0151d\u0151 min\u0151s\u00edt\u00e9seket, okleveleket, fot\u00f3kat vonultat f\u00f6l, de sok szem\u00e9lyes vonatkoz\u00e1s\u00fa eml\u00e9k is helyet kapott a t\u00e1rl\u00f3kban. &nbsp;<\/p>\n","protected":false},"author":2,"featured_media":0,"comment_status":"closed","ping_status":"closed","sticky":false,"template":"","format":"standard","meta":[],"categories":[8],"tags":[],"_links":{"self":[{"href":"http:\/\/archiv.szolnoktv.hu\/index.php?rest_route=\/wp\/v2\/posts\/7252"}],"collection":[{"href":"http:\/\/archiv.szolnoktv.hu\/index.php?rest_route=\/wp\/v2\/posts"}],"about":[{"href":"http:\/\/archiv.szolnoktv.hu\/index.php?rest_route=\/wp\/v2\/types\/post"}],"author":[{"embeddable":true,"href":"http:\/\/archiv.szolnoktv.hu\/index.php?rest_route=\/wp\/v2\/users\/2"}],"replies":[{"embeddable":true,"href":"http:\/\/archiv.szolnoktv.hu\/index.php?rest_route=%2Fwp%2Fv2%2Fcomments&post=7252"}],"version-history":[{"count":1,"href":"http:\/\/archiv.szolnoktv.hu\/index.php?rest_route=\/wp\/v2\/posts\/7252\/revisions"}],"predecessor-version":[{"id":7255,"href":"http:\/\/archiv.szolnoktv.hu\/index.php?rest_route=\/wp\/v2\/posts\/7252\/revisions\/7255"}],"wp:attachment":[{"href":"http:\/\/archiv.szolnoktv.hu\/index.php?rest_route=%2Fwp%2Fv2%2Fmedia&parent=7252"}],"wp:term":[{"taxonomy":"category","embeddable":true,"href":"http:\/\/archiv.szolnoktv.hu\/index.php?rest_route=%2Fwp%2Fv2%2Fcategories&post=7252"},{"taxonomy":"post_tag","embeddable":true,"href":"http:\/\/archiv.szolnoktv.hu\/index.php?rest_route=%2Fwp%2Fv2%2Ftags&post=7252"}],"curies":[{"name":"wp","href":"https:\/\/api.w.org\/{rel}","templated":true}]}}