{"id":7160,"date":"2019-11-08T17:52:57","date_gmt":"2019-11-08T17:52:57","guid":{"rendered":"http:\/\/archiv.szolnoktv.hu\/?p=7160"},"modified":"2021-08-10T20:01:20","modified_gmt":"2021-08-10T20:01:20","slug":"a-japan-kormany-tuntette-ki-kovacs-mihalyt","status":"publish","type":"post","link":"http:\/\/archiv.szolnoktv.hu\/?p=7160","title":{"rendered":"A jap\u00e1n korm\u00e1ny t\u00fcntette ki Kov\u00e1cs Mih\u00e1lyt"},"content":{"rendered":"<div class='booster-block booster-read-block'><\/div><p>&#8220;A Felkel\u0151 Nap Rendje Arany \u00e9s Ez\u00fcst Sugarakkal&#8221;  kit\u00fcntet\u00e9st adom\u00e1nyozta a  jap\u00e1n korm\u00e1ny Kov\u00e1cs Mih\u00e1lynak a J\u00e1szkun-Jap\u00e1n Bar\u00e1ti Egyes\u00fclet eln\u00f6k\u00e9nek. A Tisza T\u00e1ncegy\u00fcttes tiszteletbeli eln\u00f6ke Jap\u00e1n \u00e9s Magyarorsz\u00e1g k\u00f6z\u00f6tti bar\u00e1ts\u00e1g er\u0151s\u00edt\u00e9s\u00e9\u00e9rt kapta a magas rang\u00fa elismer\u00e9st. Kov\u00e1cs Mih\u00e1lynak k\u00f6sz\u00f6nhet\u0151en j\u00f6tt l\u00e9tre a Szolnok-Yuza testv\u00e9rv\u00e1rosi kapcsolat. Az elm\u00falt majd negyven \u00e9vben kilencszer j\u00e1rt a felkel\u0151 nap orsz\u00e1g\u00e1ban \u00e9s csaknem 100 jap\u00e1nt l\u00e1tott vend\u00e9g\u00fcl szolnoki otthon\u00e1ban.   <br \/> &nbsp;<div style=\"width: 640px;\" class=\"wp-video\"><!--[if lt IE 9]><script>document.createElement('video');<\/script><![endif]-->\n<video class=\"wp-video-shortcode\" id=\"video-7160-1\" width=\"640\" height=\"360\" preload=\"metadata\" controls=\"controls\"><source type=\"video\/mp4\" src=\"\/spots\/hir\/hir_191108_04.mp4?_=1\" \/><a href=\"\/spots\/hir\/hir_191108_04.mp4\">\/spots\/hir\/hir_191108_04.mp4<\/a><\/video><\/div><\/p>\n","protected":false},"excerpt":{"rendered":"<p>&#8220;A Felkel\u0151 Nap Rendje Arany \u00e9s Ez\u00fcst Sugarakkal&#8221; kit\u00fcntet\u00e9st adom\u00e1nyozta a jap\u00e1n korm\u00e1ny Kov\u00e1cs Mih\u00e1lynak a J\u00e1szkun-Jap\u00e1n Bar\u00e1ti Egyes\u00fclet eln\u00f6k\u00e9nek. A Tisza T\u00e1ncegy\u00fcttes tiszteletbeli eln\u00f6ke Jap\u00e1n \u00e9s Magyarorsz\u00e1g k\u00f6z\u00f6tti bar\u00e1ts\u00e1g er\u0151s\u00edt\u00e9s\u00e9\u00e9rt kapta a magas rang\u00fa elismer\u00e9st. Kov\u00e1cs Mih\u00e1lynak k\u00f6sz\u00f6nhet\u0151en j\u00f6tt l\u00e9tre a Szolnok-Yuza testv\u00e9rv\u00e1rosi kapcsolat. Az elm\u00falt majd negyven \u00e9vben kilencszer j\u00e1rt a felkel\u0151 nap [&hellip;]<\/p>\n","protected":false},"author":2,"featured_media":0,"comment_status":"closed","ping_status":"closed","sticky":false,"template":"","format":"standard","meta":[],"categories":[8],"tags":[],"_links":{"self":[{"href":"http:\/\/archiv.szolnoktv.hu\/index.php?rest_route=\/wp\/v2\/posts\/7160"}],"collection":[{"href":"http:\/\/archiv.szolnoktv.hu\/index.php?rest_route=\/wp\/v2\/posts"}],"about":[{"href":"http:\/\/archiv.szolnoktv.hu\/index.php?rest_route=\/wp\/v2\/types\/post"}],"author":[{"embeddable":true,"href":"http:\/\/archiv.szolnoktv.hu\/index.php?rest_route=\/wp\/v2\/users\/2"}],"replies":[{"embeddable":true,"href":"http:\/\/archiv.szolnoktv.hu\/index.php?rest_route=%2Fwp%2Fv2%2Fcomments&post=7160"}],"version-history":[{"count":1,"href":"http:\/\/archiv.szolnoktv.hu\/index.php?rest_route=\/wp\/v2\/posts\/7160\/revisions"}],"predecessor-version":[{"id":7165,"href":"http:\/\/archiv.szolnoktv.hu\/index.php?rest_route=\/wp\/v2\/posts\/7160\/revisions\/7165"}],"wp:attachment":[{"href":"http:\/\/archiv.szolnoktv.hu\/index.php?rest_route=%2Fwp%2Fv2%2Fmedia&parent=7160"}],"wp:term":[{"taxonomy":"category","embeddable":true,"href":"http:\/\/archiv.szolnoktv.hu\/index.php?rest_route=%2Fwp%2Fv2%2Fcategories&post=7160"},{"taxonomy":"post_tag","embeddable":true,"href":"http:\/\/archiv.szolnoktv.hu\/index.php?rest_route=%2Fwp%2Fv2%2Ftags&post=7160"}],"curies":[{"name":"wp","href":"https:\/\/api.w.org\/{rel}","templated":true}]}}