{"id":7157,"date":"2019-11-08T17:40:39","date_gmt":"2019-11-08T17:40:39","guid":{"rendered":"http:\/\/archiv.szolnoktv.hu\/?p=7157"},"modified":"2021-08-10T20:01:21","modified_gmt":"2021-08-10T20:01:21","slug":"felkeszult-a-magyar-kozut-a-teli-uzemre","status":"publish","type":"post","link":"http:\/\/archiv.szolnoktv.hu\/?p=7157","title":{"rendered":"Felk\u00e9sz\u00fclt a Magyar K\u00f6z\u00fat a t\u00e9li \u00fczemre"},"content":{"rendered":"<div class='booster-block booster-read-block'><\/div><p>B\u00e1r az id\u0151j\u00e1r\u00e1son egyel\u0151re m\u00e9g nem l\u00e1tszik, hogy napokon bel\u00fcl havaz\u00e1sra kellene k\u00e9sz\u00fclni, ett\u0151l f\u00fcggetlen\u00fcl a Magyar K\u00f6z\u00fat Zrt. munkat\u00e1rsai orsz\u00e1gszerte felk\u00e9sz\u00fcltek a t\u00e9lre \u00e9s a megv\u00e1ltozott \u00fatviszonyokra. A speci\u00e1lis, t\u00e9len haszn\u00e1lt g\u00e9peket el\u0151k\u00e9sz\u00edtett\u00e9k, azok k\u00e9szenl\u00e9tben v\u00e1rnak, illetve a s\u00edkoss\u00e1gmentes\u00edt\u0151 anyagok, valamint a sz\u00f3r\u00f3-s\u00f3 is m\u00e1r a rakt\u00e1rakban van. <br \/> &nbsp;<div style=\"width: 640px;\" class=\"wp-video\"><!--[if lt IE 9]><script>document.createElement('video');<\/script><![endif]-->\n<video class=\"wp-video-shortcode\" id=\"video-7157-1\" width=\"640\" height=\"360\" preload=\"metadata\" controls=\"controls\"><source type=\"video\/mp4\" src=\"\/spots\/hir\/hir_191108_01.mp4?_=1\" \/><a href=\"\/spots\/hir\/hir_191108_01.mp4\">\/spots\/hir\/hir_191108_01.mp4<\/a><\/video><\/div><\/p>\n","protected":false},"excerpt":{"rendered":"<p>B\u00e1r az id\u0151j\u00e1r\u00e1son egyel\u0151re m\u00e9g nem l\u00e1tszik, hogy napokon bel\u00fcl havaz\u00e1sra kellene k\u00e9sz\u00fclni, ett\u0151l f\u00fcggetlen\u00fcl a Magyar K\u00f6z\u00fat Zrt. munkat\u00e1rsai orsz\u00e1gszerte felk\u00e9sz\u00fcltek a t\u00e9lre \u00e9s a megv\u00e1ltozott \u00fatviszonyokra. A speci\u00e1lis, t\u00e9len haszn\u00e1lt g\u00e9peket el\u0151k\u00e9sz\u00edtett\u00e9k, azok k\u00e9szenl\u00e9tben v\u00e1rnak, illetve a s\u00edkoss\u00e1gmentes\u00edt\u0151 anyagok, valamint a sz\u00f3r\u00f3-s\u00f3 is m\u00e1r a rakt\u00e1rakban van. &nbsp;<\/p>\n","protected":false},"author":2,"featured_media":0,"comment_status":"closed","ping_status":"closed","sticky":false,"template":"","format":"standard","meta":[],"categories":[8],"tags":[],"_links":{"self":[{"href":"http:\/\/archiv.szolnoktv.hu\/index.php?rest_route=\/wp\/v2\/posts\/7157"}],"collection":[{"href":"http:\/\/archiv.szolnoktv.hu\/index.php?rest_route=\/wp\/v2\/posts"}],"about":[{"href":"http:\/\/archiv.szolnoktv.hu\/index.php?rest_route=\/wp\/v2\/types\/post"}],"author":[{"embeddable":true,"href":"http:\/\/archiv.szolnoktv.hu\/index.php?rest_route=\/wp\/v2\/users\/2"}],"replies":[{"embeddable":true,"href":"http:\/\/archiv.szolnoktv.hu\/index.php?rest_route=%2Fwp%2Fv2%2Fcomments&post=7157"}],"version-history":[{"count":1,"href":"http:\/\/archiv.szolnoktv.hu\/index.php?rest_route=\/wp\/v2\/posts\/7157\/revisions"}],"predecessor-version":[{"id":7168,"href":"http:\/\/archiv.szolnoktv.hu\/index.php?rest_route=\/wp\/v2\/posts\/7157\/revisions\/7168"}],"wp:attachment":[{"href":"http:\/\/archiv.szolnoktv.hu\/index.php?rest_route=%2Fwp%2Fv2%2Fmedia&parent=7157"}],"wp:term":[{"taxonomy":"category","embeddable":true,"href":"http:\/\/archiv.szolnoktv.hu\/index.php?rest_route=%2Fwp%2Fv2%2Fcategories&post=7157"},{"taxonomy":"post_tag","embeddable":true,"href":"http:\/\/archiv.szolnoktv.hu\/index.php?rest_route=%2Fwp%2Fv2%2Ftags&post=7157"}],"curies":[{"name":"wp","href":"https:\/\/api.w.org\/{rel}","templated":true}]}}