{"id":6057,"date":"2019-01-02T17:38:01","date_gmt":"2019-01-02T17:38:01","guid":{"rendered":"http:\/\/archiv.szolnoktv.hu\/?p=6057"},"modified":"2021-08-05T08:01:45","modified_gmt":"2021-08-05T08:01:45","slug":"polgarmesteri-koszonto","status":"publish","type":"post","link":"http:\/\/archiv.szolnoktv.hu\/?p=6057","title":{"rendered":"Polg\u00e1rmesteri k\u00f6sz\u00f6nt\u0151"},"content":{"rendered":"<div class='booster-block booster-read-block'><\/div><p>A hagyom\u00e1nyokhoz h\u0171en a v\u00e1ros polg\u00e1rmestere id\u00e9n is k\u00f6sz\u00f6nt\u00f6tte a szolnokiakat a Kossuth t\u00e9ren. Szalay Ferenc \u00e9jf\u00e9l el\u0151tt p\u00e1r perccel l\u00e9pett a sz\u00ednpadra. A polg\u00e1rmesteri k\u00f6sz\u00f6nt\u0151t t\u0171zij\u00e1t\u00e9k \u00e9s hajnalig tart\u00f3 buli k\u00f6vette. <\/p>\n<div style=\"width: 640px;\" class=\"wp-video\"><!--[if lt IE 9]><script>document.createElement('video');<\/script><![endif]-->\n<video class=\"wp-video-shortcode\" id=\"video-6057-1\" width=\"640\" height=\"360\" preload=\"metadata\" controls=\"controls\"><source type=\"video\/mp4\" src=\"\/spots\/hir\/hir_190102_02.mp4?_=1\" \/><a href=\"\/spots\/hir\/hir_190102_02.mp4\">\/spots\/hir\/hir_190102_02.mp4<\/a><\/video><\/div>\n","protected":false},"excerpt":{"rendered":"<p>A hagyom\u00e1nyokhoz h\u0171en a v\u00e1ros polg\u00e1rmestere id\u00e9n is k\u00f6sz\u00f6nt\u00f6tte a szolnokiakat a Kossuth t\u00e9ren. Szalay Ferenc \u00e9jf\u00e9l el\u0151tt p\u00e1r perccel l\u00e9pett a sz\u00ednpadra. A polg\u00e1rmesteri k\u00f6sz\u00f6nt\u0151t t\u0171zij\u00e1t\u00e9k \u00e9s hajnalig tart\u00f3 buli k\u00f6vette. &nbsp;<\/p>\n","protected":false},"author":2,"featured_media":0,"comment_status":"closed","ping_status":"closed","sticky":false,"template":"","format":"standard","meta":[],"categories":[8],"tags":[],"_links":{"self":[{"href":"http:\/\/archiv.szolnoktv.hu\/index.php?rest_route=\/wp\/v2\/posts\/6057"}],"collection":[{"href":"http:\/\/archiv.szolnoktv.hu\/index.php?rest_route=\/wp\/v2\/posts"}],"about":[{"href":"http:\/\/archiv.szolnoktv.hu\/index.php?rest_route=\/wp\/v2\/types\/post"}],"author":[{"embeddable":true,"href":"http:\/\/archiv.szolnoktv.hu\/index.php?rest_route=\/wp\/v2\/users\/2"}],"replies":[{"embeddable":true,"href":"http:\/\/archiv.szolnoktv.hu\/index.php?rest_route=%2Fwp%2Fv2%2Fcomments&post=6057"}],"version-history":[{"count":1,"href":"http:\/\/archiv.szolnoktv.hu\/index.php?rest_route=\/wp\/v2\/posts\/6057\/revisions"}],"predecessor-version":[{"id":6060,"href":"http:\/\/archiv.szolnoktv.hu\/index.php?rest_route=\/wp\/v2\/posts\/6057\/revisions\/6060"}],"wp:attachment":[{"href":"http:\/\/archiv.szolnoktv.hu\/index.php?rest_route=%2Fwp%2Fv2%2Fmedia&parent=6057"}],"wp:term":[{"taxonomy":"category","embeddable":true,"href":"http:\/\/archiv.szolnoktv.hu\/index.php?rest_route=%2Fwp%2Fv2%2Fcategories&post=6057"},{"taxonomy":"post_tag","embeddable":true,"href":"http:\/\/archiv.szolnoktv.hu\/index.php?rest_route=%2Fwp%2Fv2%2Ftags&post=6057"}],"curies":[{"name":"wp","href":"https:\/\/api.w.org\/{rel}","templated":true}]}}