{"id":5853,"date":"2021-05-17T18:14:21","date_gmt":"2021-05-17T18:14:21","guid":{"rendered":"http:\/\/archiv.szolnoktv.hu\/?p=5853"},"modified":"2021-08-04T08:07:01","modified_gmt":"2021-08-04T08:07:01","slug":"korbe-tekertek-a-tavat","status":"publish","type":"post","link":"http:\/\/archiv.szolnoktv.hu\/?p=5853","title":{"rendered":"K\u00f6rbe tekert\u00e9k a tavat"},"content":{"rendered":"<div class='booster-block booster-read-block'><\/div><p>Id\u00e9n is nekiv\u00e1gtak. Ker\u00e9kp\u00e1rral ker\u00fclt\u00e9k meg a Tisza tavat szombaton a t\u00e9rs\u00e9g fejleszt\u00e9s\u00e9ben \u00e9rintett szakemberek \u00e9s politikusok. A VIP ker\u00e9kp\u00e1rt\u00fara r\u00e9sztvev\u0151i k\u00f6z\u00fcl sokan el\u0151sz\u00f6r tekerhettek v\u00e9gig a tavaly ny\u00e1rig hi\u00e1nyz\u00f3 bicikli\u00faton: az \u00e9v ker\u00e9kp\u00e1r\u00fatja elismer\u00e9st nemr\u00e9g bezsebelt- kevesebb mint egy \u00e9ve \u00e1tadott Tiszaf\u00fcred- Poroszl\u00f3 k\u00f6zti szakaszon. A st\u00e1b legid\u0151sebb tagja Szap\u00e1ry Gy\u00f6rgy k\u00f6zgazd\u00e1sz, gazdas\u00e1gpolitikai tan\u00e1csad\u00f3, haz\u00e1nk egykori washingtoni nagyk\u00f6vete volt.rn <br \/> &nbsp;<div style=\"width: 640px;\" class=\"wp-video\"><!--[if lt IE 9]><script>document.createElement('video');<\/script><![endif]-->\n<video class=\"wp-video-shortcode\" id=\"video-5853-1\" width=\"640\" height=\"360\" preload=\"metadata\" controls=\"controls\"><source type=\"video\/mp4\" src=\"\/spots\/hir\/hir_210517_08.mp4?_=1\" \/><a href=\"\/spots\/hir\/hir_210517_08.mp4\">\/spots\/hir\/hir_210517_08.mp4<\/a><\/video><\/div><\/p>\n","protected":false},"excerpt":{"rendered":"<p>Id\u00e9n is nekiv\u00e1gtak. Ker\u00e9kp\u00e1rral ker\u00fclt\u00e9k meg a Tisza tavat szombaton a t\u00e9rs\u00e9g fejleszt\u00e9s\u00e9ben \u00e9rintett szakemberek \u00e9s politikusok. A VIP ker\u00e9kp\u00e1rt\u00fara r\u00e9sztvev\u0151i k\u00f6z\u00fcl sokan el\u0151sz\u00f6r tekerhettek v\u00e9gig a tavaly ny\u00e1rig hi\u00e1nyz\u00f3 bicikli\u00faton: az \u00e9v ker\u00e9kp\u00e1r\u00fatja elismer\u00e9st nemr\u00e9g bezsebelt- kevesebb mint egy \u00e9ve \u00e1tadott Tiszaf\u00fcred- Poroszl\u00f3 k\u00f6zti szakaszon. A st\u00e1b legid\u0151sebb tagja Szap\u00e1ry Gy\u00f6rgy k\u00f6zgazd\u00e1sz, gazdas\u00e1gpolitikai tan\u00e1csad\u00f3, [&hellip;]<\/p>\n","protected":false},"author":2,"featured_media":0,"comment_status":"closed","ping_status":"closed","sticky":false,"template":"","format":"standard","meta":[],"categories":[6],"tags":[],"_links":{"self":[{"href":"http:\/\/archiv.szolnoktv.hu\/index.php?rest_route=\/wp\/v2\/posts\/5853"}],"collection":[{"href":"http:\/\/archiv.szolnoktv.hu\/index.php?rest_route=\/wp\/v2\/posts"}],"about":[{"href":"http:\/\/archiv.szolnoktv.hu\/index.php?rest_route=\/wp\/v2\/types\/post"}],"author":[{"embeddable":true,"href":"http:\/\/archiv.szolnoktv.hu\/index.php?rest_route=\/wp\/v2\/users\/2"}],"replies":[{"embeddable":true,"href":"http:\/\/archiv.szolnoktv.hu\/index.php?rest_route=%2Fwp%2Fv2%2Fcomments&post=5853"}],"version-history":[{"count":1,"href":"http:\/\/archiv.szolnoktv.hu\/index.php?rest_route=\/wp\/v2\/posts\/5853\/revisions"}],"predecessor-version":[{"id":6050,"href":"http:\/\/archiv.szolnoktv.hu\/index.php?rest_route=\/wp\/v2\/posts\/5853\/revisions\/6050"}],"wp:attachment":[{"href":"http:\/\/archiv.szolnoktv.hu\/index.php?rest_route=%2Fwp%2Fv2%2Fmedia&parent=5853"}],"wp:term":[{"taxonomy":"category","embeddable":true,"href":"http:\/\/archiv.szolnoktv.hu\/index.php?rest_route=%2Fwp%2Fv2%2Fcategories&post=5853"},{"taxonomy":"post_tag","embeddable":true,"href":"http:\/\/archiv.szolnoktv.hu\/index.php?rest_route=%2Fwp%2Fv2%2Ftags&post=5853"}],"curies":[{"name":"wp","href":"https:\/\/api.w.org\/{rel}","templated":true}]}}