{"id":5852,"date":"2021-05-17T18:05:05","date_gmt":"2021-05-17T18:05:05","guid":{"rendered":"http:\/\/archiv.szolnoktv.hu\/?p=5852"},"modified":"2021-08-04T08:07:01","modified_gmt":"2021-08-04T08:07:01","slug":"furdozokre-varva","status":"publish","type":"post","link":"http:\/\/archiv.szolnoktv.hu\/?p=5852","title":{"rendered":"F\u00fcrd\u0151z\u0151kre v\u00e1rva"},"content":{"rendered":"<div class='booster-block booster-read-block'><\/div><p>M\u00e1jus elsej\u00e9n nyithattak a strandf\u00fcrd\u0151k. Az orsz\u00e1gban v\u00e1ltoz\u00f3 m\u00f3don \u00e9ltek ezzel a lehet\u0151s\u00e9ggel, vannak ahol a h\u00f3nap eleje \u00f3ta teljes \u00fczemben, m\u00e1sutt r\u00e9szleges szolg\u00e1ltat\u00e1ssal v\u00e1rj\u00e1k a vend\u00e9geket. A sz\u00e1ll\u00e1shelyek h\u00e9tv\u00e9g\u00e9i gyorsan megteltek, a f\u00fcrd\u0151vend\u00e9gek azonban a v\u00e1rtn\u00e1l kisebb l\u00e9tsz\u00e1mban jelentek meg a komplexumokban. Tiszak\u00e9csk\u00e9n a szombaton sokan kihaszn\u00e1lt\u00e1k a j\u00f3 id\u0151t, Szolnokon a V\u00e9s\u0151 \u00fati strandf\u00fcrd\u0151 nyit\u00e1sa m\u00e1jus 22-\u00e9n v\u00e1rhat\u00f3.rn <br \/> &nbsp;<div style=\"width: 640px;\" class=\"wp-video\"><!--[if lt IE 9]><script>document.createElement('video');<\/script><![endif]-->\n<video class=\"wp-video-shortcode\" id=\"video-5852-1\" width=\"640\" height=\"360\" preload=\"metadata\" controls=\"controls\"><source type=\"video\/mp4\" src=\"\/spots\/hir\/hir_210517_07.mp4?_=1\" \/><a href=\"\/spots\/hir\/hir_210517_07.mp4\">\/spots\/hir\/hir_210517_07.mp4<\/a><\/video><\/div><\/p>\n","protected":false},"excerpt":{"rendered":"<p>M\u00e1jus elsej\u00e9n nyithattak a strandf\u00fcrd\u0151k. Az orsz\u00e1gban v\u00e1ltoz\u00f3 m\u00f3don \u00e9ltek ezzel a lehet\u0151s\u00e9ggel, vannak ahol a h\u00f3nap eleje \u00f3ta teljes \u00fczemben, m\u00e1sutt r\u00e9szleges szolg\u00e1ltat\u00e1ssal v\u00e1rj\u00e1k a vend\u00e9geket. A sz\u00e1ll\u00e1shelyek h\u00e9tv\u00e9g\u00e9i gyorsan megteltek, a f\u00fcrd\u0151vend\u00e9gek azonban a v\u00e1rtn\u00e1l kisebb l\u00e9tsz\u00e1mban jelentek meg a komplexumokban. Tiszak\u00e9csk\u00e9n a szombaton sokan kihaszn\u00e1lt\u00e1k a j\u00f3 id\u0151t, Szolnokon a V\u00e9s\u0151 \u00fati [&hellip;]<\/p>\n","protected":false},"author":2,"featured_media":0,"comment_status":"closed","ping_status":"closed","sticky":false,"template":"","format":"standard","meta":[],"categories":[6],"tags":[],"_links":{"self":[{"href":"http:\/\/archiv.szolnoktv.hu\/index.php?rest_route=\/wp\/v2\/posts\/5852"}],"collection":[{"href":"http:\/\/archiv.szolnoktv.hu\/index.php?rest_route=\/wp\/v2\/posts"}],"about":[{"href":"http:\/\/archiv.szolnoktv.hu\/index.php?rest_route=\/wp\/v2\/types\/post"}],"author":[{"embeddable":true,"href":"http:\/\/archiv.szolnoktv.hu\/index.php?rest_route=\/wp\/v2\/users\/2"}],"replies":[{"embeddable":true,"href":"http:\/\/archiv.szolnoktv.hu\/index.php?rest_route=%2Fwp%2Fv2%2Fcomments&post=5852"}],"version-history":[{"count":1,"href":"http:\/\/archiv.szolnoktv.hu\/index.php?rest_route=\/wp\/v2\/posts\/5852\/revisions"}],"predecessor-version":[{"id":6051,"href":"http:\/\/archiv.szolnoktv.hu\/index.php?rest_route=\/wp\/v2\/posts\/5852\/revisions\/6051"}],"wp:attachment":[{"href":"http:\/\/archiv.szolnoktv.hu\/index.php?rest_route=%2Fwp%2Fv2%2Fmedia&parent=5852"}],"wp:term":[{"taxonomy":"category","embeddable":true,"href":"http:\/\/archiv.szolnoktv.hu\/index.php?rest_route=%2Fwp%2Fv2%2Fcategories&post=5852"},{"taxonomy":"post_tag","embeddable":true,"href":"http:\/\/archiv.szolnoktv.hu\/index.php?rest_route=%2Fwp%2Fv2%2Ftags&post=5852"}],"curies":[{"name":"wp","href":"https:\/\/api.w.org\/{rel}","templated":true}]}}