{"id":5851,"date":"2021-05-17T17:58:06","date_gmt":"2021-05-17T17:58:06","guid":{"rendered":"http:\/\/archiv.szolnoktv.hu\/?p=5851"},"modified":"2021-08-04T08:07:02","modified_gmt":"2021-08-04T08:07:02","slug":"zeneterasz","status":"publish","type":"post","link":"http:\/\/archiv.szolnoktv.hu\/?p=5851","title":{"rendered":"Zeneterasz"},"content":{"rendered":"<div class='booster-block booster-read-block'><\/div><p>K\u00fcl\u00f6nleges koncertre h\u00edvta a hallgat\u00f3kat szombaton a Szolnoki Szimfonikusok. A zenekar r\u00e9zf\u00fav\u00f3sai a f\u00f6ld orsz\u00e1gainak n\u00e9p- \u00e9s m\u0171zen\u00e9it sz\u00f3laltatt\u00e1k meg k\u00fcl\u00f6nleges, a k\u00f6z\u00f6ns\u00e9get is bevon\u00f3, interakt\u00edv m\u00f3don. A rendk\u00edv\u00fcli el\u0151ad\u00e1s a Zeneterasz sorozat m\u00e1sodik \u00e1llom\u00e1sa volt. J\u00falius v\u00e9g\u00e9ig minden h\u00e9tv\u00e9g\u00e9n tal\u00e1lkozhat a k\u00f6z\u00f6ns\u00e9g a szimfonikus zen\u00e9szeivel. <br \/> &nbsp;<div style=\"width: 640px;\" class=\"wp-video\"><!--[if lt IE 9]><script>document.createElement('video');<\/script><![endif]-->\n<video class=\"wp-video-shortcode\" id=\"video-5851-1\" width=\"640\" height=\"360\" preload=\"metadata\" controls=\"controls\"><source type=\"video\/mp4\" src=\"\/spots\/hir\/hir_210517_06.mp4?_=1\" \/><a href=\"\/spots\/hir\/hir_210517_06.mp4\">\/spots\/hir\/hir_210517_06.mp4<\/a><\/video><\/div><\/p>\n","protected":false},"excerpt":{"rendered":"<p>K\u00fcl\u00f6nleges koncertre h\u00edvta a hallgat\u00f3kat szombaton a Szolnoki Szimfonikusok. A zenekar r\u00e9zf\u00fav\u00f3sai a f\u00f6ld orsz\u00e1gainak n\u00e9p- \u00e9s m\u0171zen\u00e9it sz\u00f3laltatt\u00e1k meg k\u00fcl\u00f6nleges, a k\u00f6z\u00f6ns\u00e9get is bevon\u00f3, interakt\u00edv m\u00f3don. A rendk\u00edv\u00fcli el\u0151ad\u00e1s a Zeneterasz sorozat m\u00e1sodik \u00e1llom\u00e1sa volt. J\u00falius v\u00e9g\u00e9ig minden h\u00e9tv\u00e9g\u00e9n tal\u00e1lkozhat a k\u00f6z\u00f6ns\u00e9g a szimfonikus zen\u00e9szeivel. &nbsp;<\/p>\n","protected":false},"author":2,"featured_media":0,"comment_status":"closed","ping_status":"closed","sticky":false,"template":"","format":"standard","meta":[],"categories":[6],"tags":[],"_links":{"self":[{"href":"http:\/\/archiv.szolnoktv.hu\/index.php?rest_route=\/wp\/v2\/posts\/5851"}],"collection":[{"href":"http:\/\/archiv.szolnoktv.hu\/index.php?rest_route=\/wp\/v2\/posts"}],"about":[{"href":"http:\/\/archiv.szolnoktv.hu\/index.php?rest_route=\/wp\/v2\/types\/post"}],"author":[{"embeddable":true,"href":"http:\/\/archiv.szolnoktv.hu\/index.php?rest_route=\/wp\/v2\/users\/2"}],"replies":[{"embeddable":true,"href":"http:\/\/archiv.szolnoktv.hu\/index.php?rest_route=%2Fwp%2Fv2%2Fcomments&post=5851"}],"version-history":[{"count":1,"href":"http:\/\/archiv.szolnoktv.hu\/index.php?rest_route=\/wp\/v2\/posts\/5851\/revisions"}],"predecessor-version":[{"id":6052,"href":"http:\/\/archiv.szolnoktv.hu\/index.php?rest_route=\/wp\/v2\/posts\/5851\/revisions\/6052"}],"wp:attachment":[{"href":"http:\/\/archiv.szolnoktv.hu\/index.php?rest_route=%2Fwp%2Fv2%2Fmedia&parent=5851"}],"wp:term":[{"taxonomy":"category","embeddable":true,"href":"http:\/\/archiv.szolnoktv.hu\/index.php?rest_route=%2Fwp%2Fv2%2Fcategories&post=5851"},{"taxonomy":"post_tag","embeddable":true,"href":"http:\/\/archiv.szolnoktv.hu\/index.php?rest_route=%2Fwp%2Fv2%2Ftags&post=5851"}],"curies":[{"name":"wp","href":"https:\/\/api.w.org\/{rel}","templated":true}]}}