{"id":5850,"date":"2021-05-17T17:49:41","date_gmt":"2021-05-17T17:49:41","guid":{"rendered":"http:\/\/archiv.szolnoktv.hu\/?p=5850"},"modified":"2021-08-04T08:07:02","modified_gmt":"2021-08-04T08:07:02","slug":"eljen-140-90-alatt","status":"publish","type":"post","link":"http:\/\/archiv.szolnoktv.hu\/?p=5850","title":{"rendered":"\u00c9ljen 140\/90 alatt"},"content":{"rendered":"<div class='booster-block booster-read-block'><\/div><p>Ma van a magas v\u00e9rnyom\u00e1s napja. A gyilkos k\u00f3rra az\u00e9rt h\u00edvja fel a figyelmet a Hypert\u00f3nia Vil\u00e1gszervezet, mert a betegs\u00e9g \u00e9vente nyolcmilli\u00f3 ember \u00e9let\u00e9t k\u00f6veteli vil\u00e1gszerte. Magyarorsz\u00e1gon minden harmadik-negyedik feln\u0151ttnek, s\u0151t a 60 \u00e9ven fel\u00fcliek t\u00f6bb mint fel\u00e9nek magas a v\u00e9rnyom\u00e1sa, de a fiatalok k\u00f6z\u00f6tt is egyre gyakoribb ez a k\u00f3rk\u00e9p. rn <br \/> &nbsp;<div style=\"width: 640px;\" class=\"wp-video\"><!--[if lt IE 9]><script>document.createElement('video');<\/script><![endif]-->\n<video class=\"wp-video-shortcode\" id=\"video-5850-1\" width=\"640\" height=\"360\" preload=\"metadata\" controls=\"controls\"><source type=\"video\/mp4\" src=\"\/spots\/hir\/hir_210517_05.mp4?_=1\" \/><a href=\"\/spots\/hir\/hir_210517_05.mp4\">\/spots\/hir\/hir_210517_05.mp4<\/a><\/video><\/div><\/p>\n","protected":false},"excerpt":{"rendered":"<p>Ma van a magas v\u00e9rnyom\u00e1s napja. A gyilkos k\u00f3rra az\u00e9rt h\u00edvja fel a figyelmet a Hypert\u00f3nia Vil\u00e1gszervezet, mert a betegs\u00e9g \u00e9vente nyolcmilli\u00f3 ember \u00e9let\u00e9t k\u00f6veteli vil\u00e1gszerte. Magyarorsz\u00e1gon minden harmadik-negyedik feln\u0151ttnek, s\u0151t a 60 \u00e9ven fel\u00fcliek t\u00f6bb mint fel\u00e9nek magas a v\u00e9rnyom\u00e1sa, de a fiatalok k\u00f6z\u00f6tt is egyre gyakoribb ez a k\u00f3rk\u00e9p. rn &nbsp;<\/p>\n","protected":false},"author":2,"featured_media":0,"comment_status":"closed","ping_status":"closed","sticky":false,"template":"","format":"standard","meta":[],"categories":[6],"tags":[],"_links":{"self":[{"href":"http:\/\/archiv.szolnoktv.hu\/index.php?rest_route=\/wp\/v2\/posts\/5850"}],"collection":[{"href":"http:\/\/archiv.szolnoktv.hu\/index.php?rest_route=\/wp\/v2\/posts"}],"about":[{"href":"http:\/\/archiv.szolnoktv.hu\/index.php?rest_route=\/wp\/v2\/types\/post"}],"author":[{"embeddable":true,"href":"http:\/\/archiv.szolnoktv.hu\/index.php?rest_route=\/wp\/v2\/users\/2"}],"replies":[{"embeddable":true,"href":"http:\/\/archiv.szolnoktv.hu\/index.php?rest_route=%2Fwp%2Fv2%2Fcomments&post=5850"}],"version-history":[{"count":1,"href":"http:\/\/archiv.szolnoktv.hu\/index.php?rest_route=\/wp\/v2\/posts\/5850\/revisions"}],"predecessor-version":[{"id":6053,"href":"http:\/\/archiv.szolnoktv.hu\/index.php?rest_route=\/wp\/v2\/posts\/5850\/revisions\/6053"}],"wp:attachment":[{"href":"http:\/\/archiv.szolnoktv.hu\/index.php?rest_route=%2Fwp%2Fv2%2Fmedia&parent=5850"}],"wp:term":[{"taxonomy":"category","embeddable":true,"href":"http:\/\/archiv.szolnoktv.hu\/index.php?rest_route=%2Fwp%2Fv2%2Fcategories&post=5850"},{"taxonomy":"post_tag","embeddable":true,"href":"http:\/\/archiv.szolnoktv.hu\/index.php?rest_route=%2Fwp%2Fv2%2Ftags&post=5850"}],"curies":[{"name":"wp","href":"https:\/\/api.w.org\/{rel}","templated":true}]}}