{"id":5849,"date":"2021-05-17T17:43:07","date_gmt":"2021-05-17T17:43:07","guid":{"rendered":"http:\/\/archiv.szolnoktv.hu\/?p=5849"},"modified":"2021-08-04T08:07:03","modified_gmt":"2021-08-04T08:07:03","slug":"olaj-falco-donto-elso-meccse","status":"publish","type":"post","link":"http:\/\/archiv.szolnoktv.hu\/?p=5849","title":{"rendered":"Olaj Falco d\u00f6nt\u0151 els\u0151 meccse"},"content":{"rendered":"<div class='booster-block booster-read-block'><\/div><p>Rendk\u00edv\u00fcl izgalmas m\u00e9rk\u0151z\u00e9sen gy\u0151zte le a Szolnoki Olaj a Falcot a f\u00e9rfi kos\u00e1rlabda- bajnoks\u00e1g d\u00f6nt\u0151j\u00e9nek els\u0151 m\u00e9rk\u0151z\u00e9s\u00e9n. Folytat\u00e1s holnap este Szombathelyen.  <br \/> &nbsp;<div style=\"width: 640px;\" class=\"wp-video\"><!--[if lt IE 9]><script>document.createElement('video');<\/script><![endif]-->\n<video class=\"wp-video-shortcode\" id=\"video-5849-1\" width=\"640\" height=\"360\" preload=\"metadata\" controls=\"controls\"><source type=\"video\/mp4\" src=\"\/spots\/hir\/hir_210517_03.mp4?_=1\" \/><a href=\"\/spots\/hir\/hir_210517_03.mp4\">\/spots\/hir\/hir_210517_03.mp4<\/a><\/video><\/div><\/p>\n","protected":false},"excerpt":{"rendered":"<p>Rendk\u00edv\u00fcl izgalmas m\u00e9rk\u0151z\u00e9sen gy\u0151zte le a Szolnoki Olaj a Falcot a f\u00e9rfi kos\u00e1rlabda- bajnoks\u00e1g d\u00f6nt\u0151j\u00e9nek els\u0151 m\u00e9rk\u0151z\u00e9s\u00e9n. Folytat\u00e1s holnap este Szombathelyen. &nbsp;<\/p>\n","protected":false},"author":2,"featured_media":0,"comment_status":"closed","ping_status":"closed","sticky":false,"template":"","format":"standard","meta":[],"categories":[6],"tags":[],"_links":{"self":[{"href":"http:\/\/archiv.szolnoktv.hu\/index.php?rest_route=\/wp\/v2\/posts\/5849"}],"collection":[{"href":"http:\/\/archiv.szolnoktv.hu\/index.php?rest_route=\/wp\/v2\/posts"}],"about":[{"href":"http:\/\/archiv.szolnoktv.hu\/index.php?rest_route=\/wp\/v2\/types\/post"}],"author":[{"embeddable":true,"href":"http:\/\/archiv.szolnoktv.hu\/index.php?rest_route=\/wp\/v2\/users\/2"}],"replies":[{"embeddable":true,"href":"http:\/\/archiv.szolnoktv.hu\/index.php?rest_route=%2Fwp%2Fv2%2Fcomments&post=5849"}],"version-history":[{"count":1,"href":"http:\/\/archiv.szolnoktv.hu\/index.php?rest_route=\/wp\/v2\/posts\/5849\/revisions"}],"predecessor-version":[{"id":6054,"href":"http:\/\/archiv.szolnoktv.hu\/index.php?rest_route=\/wp\/v2\/posts\/5849\/revisions\/6054"}],"wp:attachment":[{"href":"http:\/\/archiv.szolnoktv.hu\/index.php?rest_route=%2Fwp%2Fv2%2Fmedia&parent=5849"}],"wp:term":[{"taxonomy":"category","embeddable":true,"href":"http:\/\/archiv.szolnoktv.hu\/index.php?rest_route=%2Fwp%2Fv2%2Fcategories&post=5849"},{"taxonomy":"post_tag","embeddable":true,"href":"http:\/\/archiv.szolnoktv.hu\/index.php?rest_route=%2Fwp%2Fv2%2Ftags&post=5849"}],"curies":[{"name":"wp","href":"https:\/\/api.w.org\/{rel}","templated":true}]}}