{"id":4045,"date":"2021-02-03T18:45:07","date_gmt":"2021-02-03T18:45:07","guid":{"rendered":"http:\/\/archiv.szolnoktv.hu\/?p=4045"},"modified":"2021-08-03T18:32:18","modified_gmt":"2021-08-03T18:32:18","slug":"lakossagi-vakcina-erkezik-a-haziorvosi-rendelobe","status":"publish","type":"post","link":"http:\/\/archiv.szolnoktv.hu\/?p=4045","title":{"rendered":"Lakoss\u00e1gi vakcina \u00e9rkezik a h\u00e1ziorvosi rendel\u0151be"},"content":{"rendered":"<div class='booster-block booster-read-block'><\/div><p>J\u00e1sz-Nagykun Szolnok Megye 30 h\u00e1ziorvosi k\u00f6rzet\u00e9be sz\u00e1ll\u00edtott\u00e1k ma ki a lakoss\u00e1gi olt\u00e1sra sz\u00e1nt amerikai Moderna vakcin\u00e1t. Els\u0151k\u00e9nt a 82 \u00e9vn\u00e9l id\u0151sebbek kapj\u00e1k meg az olt\u00e1st. rn <br \/> &nbsp;<div style=\"width: 640px;\" class=\"wp-video\"><!--[if lt IE 9]><script>document.createElement('video');<\/script><![endif]-->\n<video class=\"wp-video-shortcode\" id=\"video-4045-1\" width=\"640\" height=\"360\" preload=\"metadata\" controls=\"controls\"><source type=\"video\/mp4\" src=\"\/spots\/hir\/hir_210203_06.mp4?_=1\" \/><a href=\"\/spots\/hir\/hir_210203_06.mp4\">\/spots\/hir\/hir_210203_06.mp4<\/a><\/video><\/div><\/p>\n","protected":false},"excerpt":{"rendered":"<p>J\u00e1sz-Nagykun Szolnok Megye 30 h\u00e1ziorvosi k\u00f6rzet\u00e9be sz\u00e1ll\u00edtott\u00e1k ma ki a lakoss\u00e1gi olt\u00e1sra sz\u00e1nt amerikai Moderna vakcin\u00e1t. Els\u0151k\u00e9nt a 82 \u00e9vn\u00e9l id\u0151sebbek kapj\u00e1k meg az olt\u00e1st. rn &nbsp;<\/p>\n","protected":false},"author":2,"featured_media":0,"comment_status":"closed","ping_status":"closed","sticky":false,"template":"","format":"standard","meta":[],"categories":[6],"tags":[],"_links":{"self":[{"href":"http:\/\/archiv.szolnoktv.hu\/index.php?rest_route=\/wp\/v2\/posts\/4045"}],"collection":[{"href":"http:\/\/archiv.szolnoktv.hu\/index.php?rest_route=\/wp\/v2\/posts"}],"about":[{"href":"http:\/\/archiv.szolnoktv.hu\/index.php?rest_route=\/wp\/v2\/types\/post"}],"author":[{"embeddable":true,"href":"http:\/\/archiv.szolnoktv.hu\/index.php?rest_route=\/wp\/v2\/users\/2"}],"replies":[{"embeddable":true,"href":"http:\/\/archiv.szolnoktv.hu\/index.php?rest_route=%2Fwp%2Fv2%2Fcomments&post=4045"}],"version-history":[{"count":1,"href":"http:\/\/archiv.szolnoktv.hu\/index.php?rest_route=\/wp\/v2\/posts\/4045\/revisions"}],"predecessor-version":[{"id":4080,"href":"http:\/\/archiv.szolnoktv.hu\/index.php?rest_route=\/wp\/v2\/posts\/4045\/revisions\/4080"}],"wp:attachment":[{"href":"http:\/\/archiv.szolnoktv.hu\/index.php?rest_route=%2Fwp%2Fv2%2Fmedia&parent=4045"}],"wp:term":[{"taxonomy":"category","embeddable":true,"href":"http:\/\/archiv.szolnoktv.hu\/index.php?rest_route=%2Fwp%2Fv2%2Fcategories&post=4045"},{"taxonomy":"post_tag","embeddable":true,"href":"http:\/\/archiv.szolnoktv.hu\/index.php?rest_route=%2Fwp%2Fv2%2Ftags&post=4045"}],"curies":[{"name":"wp","href":"https:\/\/api.w.org\/{rel}","templated":true}]}}