{"id":4044,"date":"2021-02-03T18:38:58","date_gmt":"2021-02-03T18:38:58","guid":{"rendered":"http:\/\/archiv.szolnoktv.hu\/?p=4044"},"modified":"2021-08-03T18:32:18","modified_gmt":"2021-08-03T18:32:18","slug":"elore-megkapjak-a-tamogatast","status":"publish","type":"post","link":"http:\/\/archiv.szolnoktv.hu\/?p=4044","title":{"rendered":"El\u0151re megkapj\u00e1k a t\u00e1mogat\u00e1st"},"content":{"rendered":"<div class='booster-block booster-read-block'><\/div><p>Hamarosan megjelenik a Magyar K\u00f6zl\u00f6nyben az a jogszab\u00e1ly, amely jelent\u0151s seg\u00edts\u00e9g lehet a j\u00e1rv\u00e1ny miatt neh\u00e9z helyzetbe ker\u00fclt vend\u00e9gl\u00e1t\u00f3soknak &#8211; tudta meg az Index. A vend\u00e9gl\u00e1t\u00f3sok b\u00e9rt\u00e1mogat\u00e1sa szinte teljesen beragadt, vannak, akik m\u00e9g a tavaly novemberi p\u00e9nz\u00fcket sem kapt\u00e1k meg. A t\u00e1mogat\u00e1sok kifizet\u00e9s\u00e9nek gyors\u00edt\u00e1s\u00e1t m\u00falt heti \u00fcl\u00e9s\u00e9n k\u00e9rte a korm\u00e1ny, akkor Orb\u00e1n Viktor minisztereln\u00f6k arr\u00f3l besz\u00e9lt, hogy a b\u00e9rkompenz\u00e1ci\u00f3ra elk\u00fcl\u00f6n\u00edtett keretb\u0151l gyors\u00edtani kell az utal\u00e1sokat.  <br \/> &nbsp;<div style=\"width: 640px;\" class=\"wp-video\"><!--[if lt IE 9]><script>document.createElement('video');<\/script><![endif]-->\n<video class=\"wp-video-shortcode\" id=\"video-4044-1\" width=\"640\" height=\"360\" preload=\"metadata\" controls=\"controls\"><source type=\"video\/mp4\" src=\"\/spots\/hir\/hir_210203_05.mp4?_=1\" \/><a href=\"\/spots\/hir\/hir_210203_05.mp4\">\/spots\/hir\/hir_210203_05.mp4<\/a><\/video><\/div><\/p>\n","protected":false},"excerpt":{"rendered":"<p>Hamarosan megjelenik a Magyar K\u00f6zl\u00f6nyben az a jogszab\u00e1ly, amely jelent\u0151s seg\u00edts\u00e9g lehet a j\u00e1rv\u00e1ny miatt neh\u00e9z helyzetbe ker\u00fclt vend\u00e9gl\u00e1t\u00f3soknak &#8211; tudta meg az Index. A vend\u00e9gl\u00e1t\u00f3sok b\u00e9rt\u00e1mogat\u00e1sa szinte teljesen beragadt, vannak, akik m\u00e9g a tavaly novemberi p\u00e9nz\u00fcket sem kapt\u00e1k meg. A t\u00e1mogat\u00e1sok kifizet\u00e9s\u00e9nek gyors\u00edt\u00e1s\u00e1t m\u00falt heti \u00fcl\u00e9s\u00e9n k\u00e9rte a korm\u00e1ny, akkor Orb\u00e1n Viktor minisztereln\u00f6k arr\u00f3l [&hellip;]<\/p>\n","protected":false},"author":2,"featured_media":0,"comment_status":"closed","ping_status":"closed","sticky":false,"template":"","format":"standard","meta":[],"categories":[6],"tags":[],"_links":{"self":[{"href":"http:\/\/archiv.szolnoktv.hu\/index.php?rest_route=\/wp\/v2\/posts\/4044"}],"collection":[{"href":"http:\/\/archiv.szolnoktv.hu\/index.php?rest_route=\/wp\/v2\/posts"}],"about":[{"href":"http:\/\/archiv.szolnoktv.hu\/index.php?rest_route=\/wp\/v2\/types\/post"}],"author":[{"embeddable":true,"href":"http:\/\/archiv.szolnoktv.hu\/index.php?rest_route=\/wp\/v2\/users\/2"}],"replies":[{"embeddable":true,"href":"http:\/\/archiv.szolnoktv.hu\/index.php?rest_route=%2Fwp%2Fv2%2Fcomments&post=4044"}],"version-history":[{"count":1,"href":"http:\/\/archiv.szolnoktv.hu\/index.php?rest_route=\/wp\/v2\/posts\/4044\/revisions"}],"predecessor-version":[{"id":4081,"href":"http:\/\/archiv.szolnoktv.hu\/index.php?rest_route=\/wp\/v2\/posts\/4044\/revisions\/4081"}],"wp:attachment":[{"href":"http:\/\/archiv.szolnoktv.hu\/index.php?rest_route=%2Fwp%2Fv2%2Fmedia&parent=4044"}],"wp:term":[{"taxonomy":"category","embeddable":true,"href":"http:\/\/archiv.szolnoktv.hu\/index.php?rest_route=%2Fwp%2Fv2%2Fcategories&post=4044"},{"taxonomy":"post_tag","embeddable":true,"href":"http:\/\/archiv.szolnoktv.hu\/index.php?rest_route=%2Fwp%2Fv2%2Ftags&post=4044"}],"curies":[{"name":"wp","href":"https:\/\/api.w.org\/{rel}","templated":true}]}}