{"id":4042,"date":"2021-02-03T18:30:00","date_gmt":"2021-02-03T18:30:00","guid":{"rendered":"http:\/\/archiv.szolnoktv.hu\/?p=4042"},"modified":"2021-08-03T18:32:38","modified_gmt":"2021-08-03T18:32:38","slug":"megyei-civil-dij","status":"publish","type":"post","link":"http:\/\/archiv.szolnoktv.hu\/?p=4042","title":{"rendered":"Megyei Civil D\u00edj"},"content":{"rendered":"<div class='booster-block booster-read-block'><\/div><p>Szolnokon 540 m\u0171k\u00f6dik, J\u00e1szber\u00e9nyben m\u00e1sf\u00e9l sz\u00e1z, Kis\u00fajsz\u00e1ll\u00e1son t\u00f6bb mint \u00f6tven. A civil szervezetek sz\u00e1mos feladatot vesznek \u00e1t a helyi \u00f6nkorm\u00e1nyzatokt\u00f3l, k\u00f6z\u00f6ss\u00e9geik hozz\u00e1j\u00e1rulnak k\u00f6zvetlen k\u00f6rnyezet\u00fck \u00e9lhet\u0151bb\u00e9 v\u00e1l\u00e1s\u00e1hoz  Febru\u00e1r elseje a Civilek Napja.rn <br \/> &nbsp;<div style=\"width: 640px;\" class=\"wp-video\"><!--[if lt IE 9]><script>document.createElement('video');<\/script><![endif]-->\n<video class=\"wp-video-shortcode\" id=\"video-4042-1\" width=\"640\" height=\"360\" preload=\"metadata\" controls=\"controls\"><source type=\"video\/mp4\" src=\"\/spots\/hir\/hir_210203_04.mp4?_=1\" \/><a href=\"\/spots\/hir\/hir_210203_04.mp4\">\/spots\/hir\/hir_210203_04.mp4<\/a><\/video><\/div><\/p>\n","protected":false},"excerpt":{"rendered":"<p>Szolnokon 540 m\u0171k\u00f6dik, J\u00e1szber\u00e9nyben m\u00e1sf\u00e9l sz\u00e1z, Kis\u00fajsz\u00e1ll\u00e1son t\u00f6bb mint \u00f6tven. A civil szervezetek sz\u00e1mos feladatot vesznek \u00e1t a helyi \u00f6nkorm\u00e1nyzatokt\u00f3l, k\u00f6z\u00f6ss\u00e9geik hozz\u00e1j\u00e1rulnak k\u00f6zvetlen k\u00f6rnyezet\u00fck \u00e9lhet\u0151bb\u00e9 v\u00e1l\u00e1s\u00e1hoz Febru\u00e1r elseje a Civilek Napja.rn &nbsp;<\/p>\n","protected":false},"author":2,"featured_media":0,"comment_status":"closed","ping_status":"closed","sticky":false,"template":"","format":"standard","meta":[],"categories":[6],"tags":[],"_links":{"self":[{"href":"http:\/\/archiv.szolnoktv.hu\/index.php?rest_route=\/wp\/v2\/posts\/4042"}],"collection":[{"href":"http:\/\/archiv.szolnoktv.hu\/index.php?rest_route=\/wp\/v2\/posts"}],"about":[{"href":"http:\/\/archiv.szolnoktv.hu\/index.php?rest_route=\/wp\/v2\/types\/post"}],"author":[{"embeddable":true,"href":"http:\/\/archiv.szolnoktv.hu\/index.php?rest_route=\/wp\/v2\/users\/2"}],"replies":[{"embeddable":true,"href":"http:\/\/archiv.szolnoktv.hu\/index.php?rest_route=%2Fwp%2Fv2%2Fcomments&post=4042"}],"version-history":[{"count":1,"href":"http:\/\/archiv.szolnoktv.hu\/index.php?rest_route=\/wp\/v2\/posts\/4042\/revisions"}],"predecessor-version":[{"id":4083,"href":"http:\/\/archiv.szolnoktv.hu\/index.php?rest_route=\/wp\/v2\/posts\/4042\/revisions\/4083"}],"wp:attachment":[{"href":"http:\/\/archiv.szolnoktv.hu\/index.php?rest_route=%2Fwp%2Fv2%2Fmedia&parent=4042"}],"wp:term":[{"taxonomy":"category","embeddable":true,"href":"http:\/\/archiv.szolnoktv.hu\/index.php?rest_route=%2Fwp%2Fv2%2Fcategories&post=4042"},{"taxonomy":"post_tag","embeddable":true,"href":"http:\/\/archiv.szolnoktv.hu\/index.php?rest_route=%2Fwp%2Fv2%2Ftags&post=4042"}],"curies":[{"name":"wp","href":"https:\/\/api.w.org\/{rel}","templated":true}]}}