{"id":4041,"date":"2021-02-03T18:13:32","date_gmt":"2021-02-03T18:13:32","guid":{"rendered":"http:\/\/archiv.szolnoktv.hu\/?p=4041"},"modified":"2021-08-03T18:32:38","modified_gmt":"2021-08-03T18:32:38","slug":"jubileumi-novellapalyazat","status":"publish","type":"post","link":"http:\/\/archiv.szolnoktv.hu\/?p=4041","title":{"rendered":"Jubileumi novellap\u00e1ly\u00e1zat"},"content":{"rendered":"<div class='booster-block booster-read-block'><\/div><p>F\u00e9nyek vakondja id\u00e9n is &#8211; tizedik alkalommal hirdeti meg orsz\u00e1gos irodalmi p\u00e1ly\u00e1zat\u00e1t a Vakok \u00e9s Gyeng\u00e9nl\u00e1t\u00f3k J\u00e1sz-Nagykun-Szolnok Megyei Egyes\u00fclete. A t\u00e9ma ez\u00fattal a Hold, a maximum h\u00e1rom oldalas p\u00e1lyam\u0171veket  m\u00e1rcius 12-ig adhatj\u00e1k le  a nevez\u0151k.  <br \/> &nbsp;<div style=\"width: 640px;\" class=\"wp-video\"><!--[if lt IE 9]><script>document.createElement('video');<\/script><![endif]-->\n<video class=\"wp-video-shortcode\" id=\"video-4041-1\" width=\"640\" height=\"360\" preload=\"metadata\" controls=\"controls\"><source type=\"video\/mp4\" src=\"\/spots\/hir\/hir_210203_02.mp4?_=1\" \/><a href=\"\/spots\/hir\/hir_210203_02.mp4\">\/spots\/hir\/hir_210203_02.mp4<\/a><\/video><\/div><\/p>\n","protected":false},"excerpt":{"rendered":"<p>F\u00e9nyek vakondja id\u00e9n is &#8211; tizedik alkalommal hirdeti meg orsz\u00e1gos irodalmi p\u00e1ly\u00e1zat\u00e1t a Vakok \u00e9s Gyeng\u00e9nl\u00e1t\u00f3k J\u00e1sz-Nagykun-Szolnok Megyei Egyes\u00fclete. A t\u00e9ma ez\u00fattal a Hold, a maximum h\u00e1rom oldalas p\u00e1lyam\u0171veket m\u00e1rcius 12-ig adhatj\u00e1k le a nevez\u0151k. &nbsp;<\/p>\n","protected":false},"author":2,"featured_media":0,"comment_status":"closed","ping_status":"closed","sticky":false,"template":"","format":"standard","meta":[],"categories":[6],"tags":[],"_links":{"self":[{"href":"http:\/\/archiv.szolnoktv.hu\/index.php?rest_route=\/wp\/v2\/posts\/4041"}],"collection":[{"href":"http:\/\/archiv.szolnoktv.hu\/index.php?rest_route=\/wp\/v2\/posts"}],"about":[{"href":"http:\/\/archiv.szolnoktv.hu\/index.php?rest_route=\/wp\/v2\/types\/post"}],"author":[{"embeddable":true,"href":"http:\/\/archiv.szolnoktv.hu\/index.php?rest_route=\/wp\/v2\/users\/2"}],"replies":[{"embeddable":true,"href":"http:\/\/archiv.szolnoktv.hu\/index.php?rest_route=%2Fwp%2Fv2%2Fcomments&post=4041"}],"version-history":[{"count":1,"href":"http:\/\/archiv.szolnoktv.hu\/index.php?rest_route=\/wp\/v2\/posts\/4041\/revisions"}],"predecessor-version":[{"id":4084,"href":"http:\/\/archiv.szolnoktv.hu\/index.php?rest_route=\/wp\/v2\/posts\/4041\/revisions\/4084"}],"wp:attachment":[{"href":"http:\/\/archiv.szolnoktv.hu\/index.php?rest_route=%2Fwp%2Fv2%2Fmedia&parent=4041"}],"wp:term":[{"taxonomy":"category","embeddable":true,"href":"http:\/\/archiv.szolnoktv.hu\/index.php?rest_route=%2Fwp%2Fv2%2Fcategories&post=4041"},{"taxonomy":"post_tag","embeddable":true,"href":"http:\/\/archiv.szolnoktv.hu\/index.php?rest_route=%2Fwp%2Fv2%2Ftags&post=4041"}],"curies":[{"name":"wp","href":"https:\/\/api.w.org\/{rel}","templated":true}]}}