{"id":4040,"date":"2021-02-03T18:04:54","date_gmt":"2021-02-03T18:04:54","guid":{"rendered":"http:\/\/archiv.szolnoktv.hu\/?p=4040"},"modified":"2021-08-03T18:32:39","modified_gmt":"2021-08-03T18:32:39","slug":"rovid-telet-josolnak","status":"publish","type":"post","link":"http:\/\/archiv.szolnoktv.hu\/?p=4040","title":{"rendered":"R\u00f6vid telet j\u00f3solnak"},"content":{"rendered":"<div class='booster-block booster-read-block'><\/div><p>R\u00f6vid telet j\u00f3solnak a J\u00e1szber\u00e9nyi \u00c1llatkert barna medv\u00e9i. Helmut \u00e9s Maci tegnap reggel nem l\u00e1tta meg a saj\u00e1t \u00e1rny\u00e9k\u00e1t, \u00edgy zavartalanul nekil\u00e1thattak a kik\u00e9sz\u00edtett \u00fcnnepi hidegt\u00e1lnak. Ez\u00fattal m\u00e9zet, halat, toj\u00e1st, r\u00e9p\u00e1t \u00e9s alm\u00e1t kapott a k\u00e9t testv\u00e9r.  <br \/> &nbsp;<div style=\"width: 640px;\" class=\"wp-video\"><!--[if lt IE 9]><script>document.createElement('video');<\/script><![endif]-->\n<video class=\"wp-video-shortcode\" id=\"video-4040-1\" width=\"640\" height=\"360\" preload=\"metadata\" controls=\"controls\"><source type=\"video\/mp4\" src=\"\/spots\/hir\/hir_210203_01.mp4?_=1\" \/><a href=\"\/spots\/hir\/hir_210203_01.mp4\">\/spots\/hir\/hir_210203_01.mp4<\/a><\/video><\/div><\/p>\n","protected":false},"excerpt":{"rendered":"<p>R\u00f6vid telet j\u00f3solnak a J\u00e1szber\u00e9nyi \u00c1llatkert barna medv\u00e9i. Helmut \u00e9s Maci tegnap reggel nem l\u00e1tta meg a saj\u00e1t \u00e1rny\u00e9k\u00e1t, \u00edgy zavartalanul nekil\u00e1thattak a kik\u00e9sz\u00edtett \u00fcnnepi hidegt\u00e1lnak. Ez\u00fattal m\u00e9zet, halat, toj\u00e1st, r\u00e9p\u00e1t \u00e9s alm\u00e1t kapott a k\u00e9t testv\u00e9r. &nbsp;<\/p>\n","protected":false},"author":2,"featured_media":0,"comment_status":"closed","ping_status":"closed","sticky":false,"template":"","format":"standard","meta":[],"categories":[6],"tags":[],"_links":{"self":[{"href":"http:\/\/archiv.szolnoktv.hu\/index.php?rest_route=\/wp\/v2\/posts\/4040"}],"collection":[{"href":"http:\/\/archiv.szolnoktv.hu\/index.php?rest_route=\/wp\/v2\/posts"}],"about":[{"href":"http:\/\/archiv.szolnoktv.hu\/index.php?rest_route=\/wp\/v2\/types\/post"}],"author":[{"embeddable":true,"href":"http:\/\/archiv.szolnoktv.hu\/index.php?rest_route=\/wp\/v2\/users\/2"}],"replies":[{"embeddable":true,"href":"http:\/\/archiv.szolnoktv.hu\/index.php?rest_route=%2Fwp%2Fv2%2Fcomments&post=4040"}],"version-history":[{"count":1,"href":"http:\/\/archiv.szolnoktv.hu\/index.php?rest_route=\/wp\/v2\/posts\/4040\/revisions"}],"predecessor-version":[{"id":4085,"href":"http:\/\/archiv.szolnoktv.hu\/index.php?rest_route=\/wp\/v2\/posts\/4040\/revisions\/4085"}],"wp:attachment":[{"href":"http:\/\/archiv.szolnoktv.hu\/index.php?rest_route=%2Fwp%2Fv2%2Fmedia&parent=4040"}],"wp:term":[{"taxonomy":"category","embeddable":true,"href":"http:\/\/archiv.szolnoktv.hu\/index.php?rest_route=%2Fwp%2Fv2%2Fcategories&post=4040"},{"taxonomy":"post_tag","embeddable":true,"href":"http:\/\/archiv.szolnoktv.hu\/index.php?rest_route=%2Fwp%2Fv2%2Ftags&post=4040"}],"curies":[{"name":"wp","href":"https:\/\/api.w.org\/{rel}","templated":true}]}}