{"id":4039,"date":"2021-02-03T18:03:06","date_gmt":"2021-02-03T18:03:06","guid":{"rendered":"http:\/\/archiv.szolnoktv.hu\/?p=4039"},"modified":"2021-08-03T18:32:39","modified_gmt":"2021-08-03T18:32:39","slug":"vagyonnyilatkozat","status":"publish","type":"post","link":"http:\/\/archiv.szolnoktv.hu\/?p=4039","title":{"rendered":"Vagyonnyilatkozat"},"content":{"rendered":"<div class='booster-block booster-read-block'><\/div><p>Az Orsz\u00e1ggy\u0171l\u00e9s valamennyi k\u00e9pvisel\u0151je hat\u00e1rid\u0151re leadta tavalyi \u00e9vre vonatkoz\u00f3 vagyonnyilatkozat\u00e1t. Ezek a parlament.hu oldalon \u00e9rhet\u0151k el. A vagyonnyilatkozatok a k\u00e9pvisel\u0151k \u00f6nk\u00e9ntes bevall\u00e1s\u00e1n alapulnak. <br \/> &nbsp;<div style=\"width: 640px;\" class=\"wp-video\"><!--[if lt IE 9]><script>document.createElement('video');<\/script><![endif]-->\n<video class=\"wp-video-shortcode\" id=\"video-4039-1\" width=\"640\" height=\"360\" preload=\"metadata\" controls=\"controls\"><source type=\"video\/mp4\" src=\"\/spots\/hir\/hir_210201_04.mp4?_=1\" \/><a href=\"\/spots\/hir\/hir_210201_04.mp4\">\/spots\/hir\/hir_210201_04.mp4<\/a><\/video><\/div><\/p>\n","protected":false},"excerpt":{"rendered":"<p>Az Orsz\u00e1ggy\u0171l\u00e9s valamennyi k\u00e9pvisel\u0151je hat\u00e1rid\u0151re leadta tavalyi \u00e9vre vonatkoz\u00f3 vagyonnyilatkozat\u00e1t. Ezek a parlament.hu oldalon \u00e9rhet\u0151k el. A vagyonnyilatkozatok a k\u00e9pvisel\u0151k \u00f6nk\u00e9ntes bevall\u00e1s\u00e1n alapulnak. &nbsp;<\/p>\n","protected":false},"author":2,"featured_media":0,"comment_status":"closed","ping_status":"closed","sticky":false,"template":"","format":"standard","meta":[],"categories":[6],"tags":[],"_links":{"self":[{"href":"http:\/\/archiv.szolnoktv.hu\/index.php?rest_route=\/wp\/v2\/posts\/4039"}],"collection":[{"href":"http:\/\/archiv.szolnoktv.hu\/index.php?rest_route=\/wp\/v2\/posts"}],"about":[{"href":"http:\/\/archiv.szolnoktv.hu\/index.php?rest_route=\/wp\/v2\/types\/post"}],"author":[{"embeddable":true,"href":"http:\/\/archiv.szolnoktv.hu\/index.php?rest_route=\/wp\/v2\/users\/2"}],"replies":[{"embeddable":true,"href":"http:\/\/archiv.szolnoktv.hu\/index.php?rest_route=%2Fwp%2Fv2%2Fcomments&post=4039"}],"version-history":[{"count":1,"href":"http:\/\/archiv.szolnoktv.hu\/index.php?rest_route=\/wp\/v2\/posts\/4039\/revisions"}],"predecessor-version":[{"id":4086,"href":"http:\/\/archiv.szolnoktv.hu\/index.php?rest_route=\/wp\/v2\/posts\/4039\/revisions\/4086"}],"wp:attachment":[{"href":"http:\/\/archiv.szolnoktv.hu\/index.php?rest_route=%2Fwp%2Fv2%2Fmedia&parent=4039"}],"wp:term":[{"taxonomy":"category","embeddable":true,"href":"http:\/\/archiv.szolnoktv.hu\/index.php?rest_route=%2Fwp%2Fv2%2Fcategories&post=4039"},{"taxonomy":"post_tag","embeddable":true,"href":"http:\/\/archiv.szolnoktv.hu\/index.php?rest_route=%2Fwp%2Fv2%2Ftags&post=4039"}],"curies":[{"name":"wp","href":"https:\/\/api.w.org\/{rel}","templated":true}]}}