{"id":4035,"date":"2021-02-02T19:32:46","date_gmt":"2021-02-02T19:32:46","guid":{"rendered":"http:\/\/archiv.szolnoktv.hu\/?p=4035"},"modified":"2021-08-03T18:32:41","modified_gmt":"2021-08-03T18:32:41","slug":"ferenczne-teleky-eva-nyugdijba-megy","status":"publish","type":"post","link":"http:\/\/archiv.szolnoktv.hu\/?p=4035","title":{"rendered":"Ferenczn\u00e9 Teleky \u00c9va nyugd\u00edjba megy"},"content":{"rendered":"<div class='booster-block booster-read-block'><\/div><p>T\u00f6bb mint 4 \u00e9vtizedes \u00f3vodapedag\u00f3giai \u00e9s 30 \u00e9v vezet\u0151i munka ut\u00e1n nyugd\u00edjba vonul Ferenczn\u00e9 Teleky \u00c9va. A Szolnok V\u00e1rosi \u00d3vod\u00e1k \u00f6sszevont int\u00e9zm\u00e9ny igazgat\u00f3j\u00e1nak kiv\u00e1l\u00f3 szakmai tev\u00e9kenys\u00e9g\u00e9t nemr\u00e9giben az emberi er\u0151forr\u00e1sok minisztere is d\u00edjjal ismerte el. Vezet\u0151i feladatait \u00e1ltal\u00e1nos helyettese veszi \u00e1t.  <br \/> &nbsp;<div style=\"width: 640px;\" class=\"wp-video\"><!--[if lt IE 9]><script>document.createElement('video');<\/script><![endif]-->\n<video class=\"wp-video-shortcode\" id=\"video-4035-1\" width=\"640\" height=\"360\" preload=\"metadata\" controls=\"controls\"><source type=\"video\/mp4\" src=\"\/spots\/hir\/hir_210202_07.mp4?_=1\" \/><a href=\"\/spots\/hir\/hir_210202_07.mp4\">\/spots\/hir\/hir_210202_07.mp4<\/a><\/video><\/div><\/p>\n","protected":false},"excerpt":{"rendered":"<p>T\u00f6bb mint 4 \u00e9vtizedes \u00f3vodapedag\u00f3giai \u00e9s 30 \u00e9v vezet\u0151i munka ut\u00e1n nyugd\u00edjba vonul Ferenczn\u00e9 Teleky \u00c9va. A Szolnok V\u00e1rosi \u00d3vod\u00e1k \u00f6sszevont int\u00e9zm\u00e9ny igazgat\u00f3j\u00e1nak kiv\u00e1l\u00f3 szakmai tev\u00e9kenys\u00e9g\u00e9t nemr\u00e9giben az emberi er\u0151forr\u00e1sok minisztere is d\u00edjjal ismerte el. Vezet\u0151i feladatait \u00e1ltal\u00e1nos helyettese veszi \u00e1t. &nbsp;<\/p>\n","protected":false},"author":2,"featured_media":0,"comment_status":"closed","ping_status":"closed","sticky":false,"template":"","format":"standard","meta":[],"categories":[6],"tags":[],"_links":{"self":[{"href":"http:\/\/archiv.szolnoktv.hu\/index.php?rest_route=\/wp\/v2\/posts\/4035"}],"collection":[{"href":"http:\/\/archiv.szolnoktv.hu\/index.php?rest_route=\/wp\/v2\/posts"}],"about":[{"href":"http:\/\/archiv.szolnoktv.hu\/index.php?rest_route=\/wp\/v2\/types\/post"}],"author":[{"embeddable":true,"href":"http:\/\/archiv.szolnoktv.hu\/index.php?rest_route=\/wp\/v2\/users\/2"}],"replies":[{"embeddable":true,"href":"http:\/\/archiv.szolnoktv.hu\/index.php?rest_route=%2Fwp%2Fv2%2Fcomments&post=4035"}],"version-history":[{"count":1,"href":"http:\/\/archiv.szolnoktv.hu\/index.php?rest_route=\/wp\/v2\/posts\/4035\/revisions"}],"predecessor-version":[{"id":4090,"href":"http:\/\/archiv.szolnoktv.hu\/index.php?rest_route=\/wp\/v2\/posts\/4035\/revisions\/4090"}],"wp:attachment":[{"href":"http:\/\/archiv.szolnoktv.hu\/index.php?rest_route=%2Fwp%2Fv2%2Fmedia&parent=4035"}],"wp:term":[{"taxonomy":"category","embeddable":true,"href":"http:\/\/archiv.szolnoktv.hu\/index.php?rest_route=%2Fwp%2Fv2%2Fcategories&post=4035"},{"taxonomy":"post_tag","embeddable":true,"href":"http:\/\/archiv.szolnoktv.hu\/index.php?rest_route=%2Fwp%2Fv2%2Ftags&post=4035"}],"curies":[{"name":"wp","href":"https:\/\/api.w.org\/{rel}","templated":true}]}}