{"id":3940,"date":"2021-02-02T17:59:41","date_gmt":"2021-02-02T17:59:41","guid":{"rendered":"http:\/\/archiv.szolnoktv.hu\/?p=3940"},"modified":"2021-08-02T18:08:00","modified_gmt":"2021-08-02T18:08:00","slug":"megovni-a-munkahelyeket","status":"publish","type":"post","link":"http:\/\/archiv.szolnoktv.hu\/?p=3940","title":{"rendered":"Meg\u00f3vni a munkahelyeket"},"content":{"rendered":"<div class='booster-block booster-read-block'><\/div><p>Neh\u00e9z helyzetben a vend\u00e9gl\u00e1t\u00f3 egys\u00e9gek, meg kell menteni \u0151ket -mondta sajt\u00f3t\u00e1j\u00e9koztat\u00f3j\u00e1n Gy\u00f6rfi Mih\u00e1ly. Az alpolg\u00e1rmester egy t\u00f6bb pontb\u00f3l \u00e1ll\u00f3 javaslatot k\u00e9sz\u00edtett, melyet elk\u00fcld\u00f6tt a polg\u00e1rmesternek is az \u00e9ttermek, k\u00e1v\u00e9z\u00f3k egy\u00e9b vend\u00e9gl\u00e1t\u00f3helyek megment\u00e9se \u00e9rdek\u00e9ben.rn <br \/> &nbsp;<div style=\"width: 640px;\" class=\"wp-video\"><!--[if lt IE 9]><script>document.createElement('video');<\/script><![endif]-->\n<video class=\"wp-video-shortcode\" id=\"video-3940-1\" width=\"640\" height=\"360\" preload=\"metadata\" controls=\"controls\"><source type=\"video\/mp4\" src=\"\/spots\/hir\/hir_210202_02.mp4?_=1\" \/><a href=\"\/spots\/hir\/hir_210202_02.mp4\">\/spots\/hir\/hir_210202_02.mp4<\/a><\/video><\/div><\/p>\n","protected":false},"excerpt":{"rendered":"<p>Neh\u00e9z helyzetben a vend\u00e9gl\u00e1t\u00f3 egys\u00e9gek, meg kell menteni \u0151ket -mondta sajt\u00f3t\u00e1j\u00e9koztat\u00f3j\u00e1n Gy\u00f6rfi Mih\u00e1ly. Az alpolg\u00e1rmester egy t\u00f6bb pontb\u00f3l \u00e1ll\u00f3 javaslatot k\u00e9sz\u00edtett, melyet elk\u00fcld\u00f6tt a polg\u00e1rmesternek is az \u00e9ttermek, k\u00e1v\u00e9z\u00f3k egy\u00e9b vend\u00e9gl\u00e1t\u00f3helyek megment\u00e9se \u00e9rdek\u00e9ben.rn &nbsp;<\/p>\n","protected":false},"author":2,"featured_media":0,"comment_status":"closed","ping_status":"closed","sticky":false,"template":"","format":"standard","meta":[],"categories":[6],"tags":[],"_links":{"self":[{"href":"http:\/\/archiv.szolnoktv.hu\/index.php?rest_route=\/wp\/v2\/posts\/3940"}],"collection":[{"href":"http:\/\/archiv.szolnoktv.hu\/index.php?rest_route=\/wp\/v2\/posts"}],"about":[{"href":"http:\/\/archiv.szolnoktv.hu\/index.php?rest_route=\/wp\/v2\/types\/post"}],"author":[{"embeddable":true,"href":"http:\/\/archiv.szolnoktv.hu\/index.php?rest_route=\/wp\/v2\/users\/2"}],"replies":[{"embeddable":true,"href":"http:\/\/archiv.szolnoktv.hu\/index.php?rest_route=%2Fwp%2Fv2%2Fcomments&post=3940"}],"version-history":[{"count":1,"href":"http:\/\/archiv.szolnoktv.hu\/index.php?rest_route=\/wp\/v2\/posts\/3940\/revisions"}],"predecessor-version":[{"id":3945,"href":"http:\/\/archiv.szolnoktv.hu\/index.php?rest_route=\/wp\/v2\/posts\/3940\/revisions\/3945"}],"wp:attachment":[{"href":"http:\/\/archiv.szolnoktv.hu\/index.php?rest_route=%2Fwp%2Fv2%2Fmedia&parent=3940"}],"wp:term":[{"taxonomy":"category","embeddable":true,"href":"http:\/\/archiv.szolnoktv.hu\/index.php?rest_route=%2Fwp%2Fv2%2Fcategories&post=3940"},{"taxonomy":"post_tag","embeddable":true,"href":"http:\/\/archiv.szolnoktv.hu\/index.php?rest_route=%2Fwp%2Fv2%2Ftags&post=3940"}],"curies":[{"name":"wp","href":"https:\/\/api.w.org\/{rel}","templated":true}]}}