{"id":3939,"date":"2021-02-02T17:55:05","date_gmt":"2021-02-02T17:55:05","guid":{"rendered":"http:\/\/archiv.szolnoktv.hu\/?p=3939"},"modified":"2021-08-02T18:08:01","modified_gmt":"2021-08-02T18:08:01","slug":"nyugdijak","status":"publish","type":"post","link":"http:\/\/archiv.szolnoktv.hu\/?p=3939","title":{"rendered":"Nyugd\u00edjak"},"content":{"rendered":"<div class='booster-block booster-read-block'><\/div><p>Igazs\u00e1gtalan a 3 sz\u00e1zal\u00e9kos nyugd\u00edjemel\u00e9s \u00e9s az 53-ik heti nyugd\u00edj meg\u00e1llap\u00edt\u00e1s\u00e1nak rendszere &#8211; mondta sajt\u00f3t\u00e1j\u00e9koztat\u00f3j\u00e1n Kor\u00f3zs Lajos, szocialista orsz\u00e1ggy\u0171l\u00e9si k\u00e9pvisel\u0151. A jelenlegi technika csak a nyugd\u00edjk\u00fcl\u00f6nbs\u00e9geket n\u00f6veli -folytatta. V\u00e9lem\u00e9nye szerint a rokkants\u00e1gban \u00e9l\u0151ket is k\u00e1rp\u00f3tolni kellene.rn <br \/> &nbsp;<div style=\"width: 640px;\" class=\"wp-video\"><!--[if lt IE 9]><script>document.createElement('video');<\/script><![endif]-->\n<video class=\"wp-video-shortcode\" id=\"video-3939-1\" width=\"640\" height=\"360\" preload=\"metadata\" controls=\"controls\"><source type=\"video\/mp4\" src=\"\/spots\/hir\/hir_210202_03.mp4?_=1\" \/><a href=\"\/spots\/hir\/hir_210202_03.mp4\">\/spots\/hir\/hir_210202_03.mp4<\/a><\/video><\/div><\/p>\n","protected":false},"excerpt":{"rendered":"<p>Igazs\u00e1gtalan a 3 sz\u00e1zal\u00e9kos nyugd\u00edjemel\u00e9s \u00e9s az 53-ik heti nyugd\u00edj meg\u00e1llap\u00edt\u00e1s\u00e1nak rendszere &#8211; mondta sajt\u00f3t\u00e1j\u00e9koztat\u00f3j\u00e1n Kor\u00f3zs Lajos, szocialista orsz\u00e1ggy\u0171l\u00e9si k\u00e9pvisel\u0151. A jelenlegi technika csak a nyugd\u00edjk\u00fcl\u00f6nbs\u00e9geket n\u00f6veli -folytatta. V\u00e9lem\u00e9nye szerint a rokkants\u00e1gban \u00e9l\u0151ket is k\u00e1rp\u00f3tolni kellene.rn &nbsp;<\/p>\n","protected":false},"author":2,"featured_media":0,"comment_status":"closed","ping_status":"closed","sticky":false,"template":"","format":"standard","meta":[],"categories":[6],"tags":[],"_links":{"self":[{"href":"http:\/\/archiv.szolnoktv.hu\/index.php?rest_route=\/wp\/v2\/posts\/3939"}],"collection":[{"href":"http:\/\/archiv.szolnoktv.hu\/index.php?rest_route=\/wp\/v2\/posts"}],"about":[{"href":"http:\/\/archiv.szolnoktv.hu\/index.php?rest_route=\/wp\/v2\/types\/post"}],"author":[{"embeddable":true,"href":"http:\/\/archiv.szolnoktv.hu\/index.php?rest_route=\/wp\/v2\/users\/2"}],"replies":[{"embeddable":true,"href":"http:\/\/archiv.szolnoktv.hu\/index.php?rest_route=%2Fwp%2Fv2%2Fcomments&post=3939"}],"version-history":[{"count":1,"href":"http:\/\/archiv.szolnoktv.hu\/index.php?rest_route=\/wp\/v2\/posts\/3939\/revisions"}],"predecessor-version":[{"id":3946,"href":"http:\/\/archiv.szolnoktv.hu\/index.php?rest_route=\/wp\/v2\/posts\/3939\/revisions\/3946"}],"wp:attachment":[{"href":"http:\/\/archiv.szolnoktv.hu\/index.php?rest_route=%2Fwp%2Fv2%2Fmedia&parent=3939"}],"wp:term":[{"taxonomy":"category","embeddable":true,"href":"http:\/\/archiv.szolnoktv.hu\/index.php?rest_route=%2Fwp%2Fv2%2Fcategories&post=3939"},{"taxonomy":"post_tag","embeddable":true,"href":"http:\/\/archiv.szolnoktv.hu\/index.php?rest_route=%2Fwp%2Fv2%2Ftags&post=3939"}],"curies":[{"name":"wp","href":"https:\/\/api.w.org\/{rel}","templated":true}]}}