{"id":3938,"date":"2021-02-02T17:49:36","date_gmt":"2021-02-02T17:49:36","guid":{"rendered":"http:\/\/archiv.szolnoktv.hu\/?p=3938"},"modified":"2021-08-02T18:08:01","modified_gmt":"2021-08-02T18:08:01","slug":"minden-eddiginel-tobb-prima-jeloles-a-2021-es-dijra","status":"publish","type":"post","link":"http:\/\/archiv.szolnoktv.hu\/?p=3938","title":{"rendered":"Minden eddigin\u00e9l t\u00f6bb Pr\u00edma-jel\u00f6l\u00e9s a 2021-es d\u00edjra"},"content":{"rendered":"<div class='booster-block booster-read-block'><\/div><p>Ter\u00fcleti Pr\u00edma G\u00e1la id\u00e9n szeptemberben is lesz. Tizenhetedik alkalommal adja majd \u00e1t a V\u00e1llalkoz\u00f3k \u00e9s Munk\u00e1ltat\u00f3k Orsz\u00e1gos Sz\u00f6vets\u00e9g\u00e9nek megyei szervezete a ter\u00fcleti pr\u00edma d\u00edjakat. A szab\u00e1lyok nem v\u00e1ltoztak, a jel\u00f6ltekre mi is szavazhatunk majd. Ebben az \u00e9vben azonban a h\u00e1rom f\u0151d\u00edj \u00e9s a k\u00f6z\u00f6ns\u00e9gd\u00edj mellett k\u00fcl\u00f6nd\u00edjat is oda\u00edt\u00e9lnek. rn <br \/> &nbsp;<div style=\"width: 640px;\" class=\"wp-video\"><!--[if lt IE 9]><script>document.createElement('video');<\/script><![endif]-->\n<video class=\"wp-video-shortcode\" id=\"video-3938-1\" width=\"640\" height=\"360\" preload=\"metadata\" controls=\"controls\"><source type=\"video\/mp4\" src=\"\/spots\/hir\/hir_210202_05.mp4?_=1\" \/><a href=\"\/spots\/hir\/hir_210202_05.mp4\">\/spots\/hir\/hir_210202_05.mp4<\/a><\/video><\/div><\/p>\n","protected":false},"excerpt":{"rendered":"<p>Ter\u00fcleti Pr\u00edma G\u00e1la id\u00e9n szeptemberben is lesz. Tizenhetedik alkalommal adja majd \u00e1t a V\u00e1llalkoz\u00f3k \u00e9s Munk\u00e1ltat\u00f3k Orsz\u00e1gos Sz\u00f6vets\u00e9g\u00e9nek megyei szervezete a ter\u00fcleti pr\u00edma d\u00edjakat. A szab\u00e1lyok nem v\u00e1ltoztak, a jel\u00f6ltekre mi is szavazhatunk majd. Ebben az \u00e9vben azonban a h\u00e1rom f\u0151d\u00edj \u00e9s a k\u00f6z\u00f6ns\u00e9gd\u00edj mellett k\u00fcl\u00f6nd\u00edjat is oda\u00edt\u00e9lnek. rn &nbsp;<\/p>\n","protected":false},"author":2,"featured_media":0,"comment_status":"closed","ping_status":"closed","sticky":false,"template":"","format":"standard","meta":[],"categories":[6],"tags":[],"_links":{"self":[{"href":"http:\/\/archiv.szolnoktv.hu\/index.php?rest_route=\/wp\/v2\/posts\/3938"}],"collection":[{"href":"http:\/\/archiv.szolnoktv.hu\/index.php?rest_route=\/wp\/v2\/posts"}],"about":[{"href":"http:\/\/archiv.szolnoktv.hu\/index.php?rest_route=\/wp\/v2\/types\/post"}],"author":[{"embeddable":true,"href":"http:\/\/archiv.szolnoktv.hu\/index.php?rest_route=\/wp\/v2\/users\/2"}],"replies":[{"embeddable":true,"href":"http:\/\/archiv.szolnoktv.hu\/index.php?rest_route=%2Fwp%2Fv2%2Fcomments&post=3938"}],"version-history":[{"count":1,"href":"http:\/\/archiv.szolnoktv.hu\/index.php?rest_route=\/wp\/v2\/posts\/3938\/revisions"}],"predecessor-version":[{"id":3947,"href":"http:\/\/archiv.szolnoktv.hu\/index.php?rest_route=\/wp\/v2\/posts\/3938\/revisions\/3947"}],"wp:attachment":[{"href":"http:\/\/archiv.szolnoktv.hu\/index.php?rest_route=%2Fwp%2Fv2%2Fmedia&parent=3938"}],"wp:term":[{"taxonomy":"category","embeddable":true,"href":"http:\/\/archiv.szolnoktv.hu\/index.php?rest_route=%2Fwp%2Fv2%2Fcategories&post=3938"},{"taxonomy":"post_tag","embeddable":true,"href":"http:\/\/archiv.szolnoktv.hu\/index.php?rest_route=%2Fwp%2Fv2%2Ftags&post=3938"}],"curies":[{"name":"wp","href":"https:\/\/api.w.org\/{rel}","templated":true}]}}