{"id":3937,"date":"2021-02-02T17:43:07","date_gmt":"2021-02-02T17:43:07","guid":{"rendered":"http:\/\/archiv.szolnoktv.hu\/?p=3937"},"modified":"2021-08-02T18:08:01","modified_gmt":"2021-08-02T18:08:01","slug":"agresszio-es-melabu","status":"publish","type":"post","link":"http:\/\/archiv.szolnoktv.hu\/?p=3937","title":{"rendered":"Agresszi\u00f3 \u00e9s m\u00e9lab\u00fa"},"content":{"rendered":"<div class='booster-block booster-read-block'><\/div><p>Agresszi\u00f3, gy\u0171l\u00f6lk\u00f6d\u00e9s, m\u00e9lab\u00fa, depresszi\u00f3, frusztr\u00e1ci\u00f3, indulatok, h\u0151z\u00f6ng\u00e9s, p\u00e1nikroham. Valamennyit tapasztalt\u00e1k m\u00e1r \u00fcgyfeleiken a pszichol\u00f3gusok, de szinte mindenki a  munkahelyeken, v\u00e1s\u00e1rl\u00e1s, utaz\u00e1s k\u00f6zben, vagy a k\u00f6z\u00f6ss\u00e9gi oldalakon. A j\u00e1rv\u00e1ny hat\u00e1sait m\u00e1r Magyarorsz\u00e1gon is kutatj\u00e1k.  <br \/> &nbsp;<div style=\"width: 640px;\" class=\"wp-video\"><!--[if lt IE 9]><script>document.createElement('video');<\/script><![endif]-->\n<video class=\"wp-video-shortcode\" id=\"video-3937-1\" width=\"640\" height=\"360\" preload=\"metadata\" controls=\"controls\"><source type=\"video\/mp4\" src=\"\/spots\/hir\/hir_210202_04.mp4?_=1\" \/><a href=\"\/spots\/hir\/hir_210202_04.mp4\">\/spots\/hir\/hir_210202_04.mp4<\/a><\/video><\/div><\/p>\n","protected":false},"excerpt":{"rendered":"<p>Agresszi\u00f3, gy\u0171l\u00f6lk\u00f6d\u00e9s, m\u00e9lab\u00fa, depresszi\u00f3, frusztr\u00e1ci\u00f3, indulatok, h\u0151z\u00f6ng\u00e9s, p\u00e1nikroham. Valamennyit tapasztalt\u00e1k m\u00e1r \u00fcgyfeleiken a pszichol\u00f3gusok, de szinte mindenki a munkahelyeken, v\u00e1s\u00e1rl\u00e1s, utaz\u00e1s k\u00f6zben, vagy a k\u00f6z\u00f6ss\u00e9gi oldalakon. A j\u00e1rv\u00e1ny hat\u00e1sait m\u00e1r Magyarorsz\u00e1gon is kutatj\u00e1k. &nbsp;<\/p>\n","protected":false},"author":2,"featured_media":0,"comment_status":"closed","ping_status":"closed","sticky":false,"template":"","format":"standard","meta":[],"categories":[6],"tags":[],"_links":{"self":[{"href":"http:\/\/archiv.szolnoktv.hu\/index.php?rest_route=\/wp\/v2\/posts\/3937"}],"collection":[{"href":"http:\/\/archiv.szolnoktv.hu\/index.php?rest_route=\/wp\/v2\/posts"}],"about":[{"href":"http:\/\/archiv.szolnoktv.hu\/index.php?rest_route=\/wp\/v2\/types\/post"}],"author":[{"embeddable":true,"href":"http:\/\/archiv.szolnoktv.hu\/index.php?rest_route=\/wp\/v2\/users\/2"}],"replies":[{"embeddable":true,"href":"http:\/\/archiv.szolnoktv.hu\/index.php?rest_route=%2Fwp%2Fv2%2Fcomments&post=3937"}],"version-history":[{"count":1,"href":"http:\/\/archiv.szolnoktv.hu\/index.php?rest_route=\/wp\/v2\/posts\/3937\/revisions"}],"predecessor-version":[{"id":3948,"href":"http:\/\/archiv.szolnoktv.hu\/index.php?rest_route=\/wp\/v2\/posts\/3937\/revisions\/3948"}],"wp:attachment":[{"href":"http:\/\/archiv.szolnoktv.hu\/index.php?rest_route=%2Fwp%2Fv2%2Fmedia&parent=3937"}],"wp:term":[{"taxonomy":"category","embeddable":true,"href":"http:\/\/archiv.szolnoktv.hu\/index.php?rest_route=%2Fwp%2Fv2%2Fcategories&post=3937"},{"taxonomy":"post_tag","embeddable":true,"href":"http:\/\/archiv.szolnoktv.hu\/index.php?rest_route=%2Fwp%2Fv2%2Ftags&post=3937"}],"curies":[{"name":"wp","href":"https:\/\/api.w.org\/{rel}","templated":true}]}}