{"id":3932,"date":"2021-02-01T19:26:30","date_gmt":"2021-02-01T19:26:30","guid":{"rendered":"http:\/\/archiv.szolnoktv.hu\/?p=3932"},"modified":"2021-08-02T18:08:03","modified_gmt":"2021-08-02T18:08:03","slug":"befejezodott-az-elso-kor","status":"publish","type":"post","link":"http:\/\/archiv.szolnoktv.hu\/?p=3932","title":{"rendered":"Befejez\u0151d\u00f6tt az els\u0151 k\u00f6r"},"content":{"rendered":"<div class='booster-block booster-read-block'><\/div><p>A h\u00e9tv\u00e9g\u00e9n a megye minden bentlak\u00e1sos id\u0151sek otthon\u00e1ban v\u00e9geztek az olt\u00e1s els\u0151 k\u00f6r\u00e9vel. Szolnok legnagyobb ilyen int\u00e9zm\u00e9ny\u00e9ben, a V\u00edzpart k\u00f6r\u00faton sokan m\u00e1r a m\u00e1sodik olt\u00e1st is magkapt\u00e1k. A lak\u00f3k k\u00f6z\u00fcl szinte mindenki k\u00e9rte a vakcin\u00e1t, \u00e9s a dolgoz\u00f3k t\u00f6bbs\u00e9ge is jelentkezett r\u00e1. Aki akkor m\u00e9g bizalmatlan volt vagy betegs\u00e9g miatt maradt ki, de k\u00e9rte az olt\u00e1st, most az is megkaphatta. <br \/> &nbsp;<div style=\"width: 640px;\" class=\"wp-video\"><!--[if lt IE 9]><script>document.createElement('video');<\/script><![endif]-->\n<video class=\"wp-video-shortcode\" id=\"video-3932-1\" width=\"640\" height=\"360\" preload=\"metadata\" controls=\"controls\"><source type=\"video\/mp4\" src=\"\/spots\/hir\/hir_210201_08.mp4?_=1\" \/><a href=\"\/spots\/hir\/hir_210201_08.mp4\">\/spots\/hir\/hir_210201_08.mp4<\/a><\/video><\/div><\/p>\n","protected":false},"excerpt":{"rendered":"<p>A h\u00e9tv\u00e9g\u00e9n a megye minden bentlak\u00e1sos id\u0151sek otthon\u00e1ban v\u00e9geztek az olt\u00e1s els\u0151 k\u00f6r\u00e9vel. Szolnok legnagyobb ilyen int\u00e9zm\u00e9ny\u00e9ben, a V\u00edzpart k\u00f6r\u00faton sokan m\u00e1r a m\u00e1sodik olt\u00e1st is magkapt\u00e1k. A lak\u00f3k k\u00f6z\u00fcl szinte mindenki k\u00e9rte a vakcin\u00e1t, \u00e9s a dolgoz\u00f3k t\u00f6bbs\u00e9ge is jelentkezett r\u00e1. Aki akkor m\u00e9g bizalmatlan volt vagy betegs\u00e9g miatt maradt ki, de k\u00e9rte az [&hellip;]<\/p>\n","protected":false},"author":2,"featured_media":0,"comment_status":"closed","ping_status":"closed","sticky":false,"template":"","format":"standard","meta":[],"categories":[6],"tags":[],"_links":{"self":[{"href":"http:\/\/archiv.szolnoktv.hu\/index.php?rest_route=\/wp\/v2\/posts\/3932"}],"collection":[{"href":"http:\/\/archiv.szolnoktv.hu\/index.php?rest_route=\/wp\/v2\/posts"}],"about":[{"href":"http:\/\/archiv.szolnoktv.hu\/index.php?rest_route=\/wp\/v2\/types\/post"}],"author":[{"embeddable":true,"href":"http:\/\/archiv.szolnoktv.hu\/index.php?rest_route=\/wp\/v2\/users\/2"}],"replies":[{"embeddable":true,"href":"http:\/\/archiv.szolnoktv.hu\/index.php?rest_route=%2Fwp%2Fv2%2Fcomments&post=3932"}],"version-history":[{"count":1,"href":"http:\/\/archiv.szolnoktv.hu\/index.php?rest_route=\/wp\/v2\/posts\/3932\/revisions"}],"predecessor-version":[{"id":3953,"href":"http:\/\/archiv.szolnoktv.hu\/index.php?rest_route=\/wp\/v2\/posts\/3932\/revisions\/3953"}],"wp:attachment":[{"href":"http:\/\/archiv.szolnoktv.hu\/index.php?rest_route=%2Fwp%2Fv2%2Fmedia&parent=3932"}],"wp:term":[{"taxonomy":"category","embeddable":true,"href":"http:\/\/archiv.szolnoktv.hu\/index.php?rest_route=%2Fwp%2Fv2%2Fcategories&post=3932"},{"taxonomy":"post_tag","embeddable":true,"href":"http:\/\/archiv.szolnoktv.hu\/index.php?rest_route=%2Fwp%2Fv2%2Ftags&post=3932"}],"curies":[{"name":"wp","href":"https:\/\/api.w.org\/{rel}","templated":true}]}}