{"id":3931,"date":"2021-02-01T18:42:31","date_gmt":"2021-02-01T18:42:31","guid":{"rendered":"http:\/\/archiv.szolnoktv.hu\/?p=3931"},"modified":"2021-08-02T18:08:03","modified_gmt":"2021-08-02T18:08:03","slug":"kinevezesek-a-hetenyiben","status":"publish","type":"post","link":"http:\/\/archiv.szolnoktv.hu\/?p=3931","title":{"rendered":"Kinevez\u00e9sek a Het\u00e9nyiben"},"content":{"rendered":"<div class='booster-block booster-read-block'><\/div><p>Vezet\u0151i kinevez\u00e9sekr\u0151l d\u00f6nt\u00f6ttek a J\u00e1sz-Nagykun-Szolnok Megyei Het\u00e9nyi G\u00e9za K\u00f3rh\u00e1z-Rendel\u0151int\u00e9zetben. K\u00f6z\u00fcl\u00fck t\u00f6bbeknek a kor\u00e1bbi megb\u00edzott vezet\u0151i poz\u00edci\u00f3j\u00e1t, m\u00e1sokn\u00e1l pedig a lej\u00e1r\u00f3 megb\u00edzat\u00e1st er\u0151s\u00edtett\u00e9k meg \u00fajabb \u00f6t \u00e9vre. A kinevez\u00e9sek janu\u00e1rt\u00f3l l\u00e9ptek hat\u00e1lyba. rn <br \/> &nbsp;<div style=\"width: 640px;\" class=\"wp-video\"><!--[if lt IE 9]><script>document.createElement('video');<\/script><![endif]-->\n<video class=\"wp-video-shortcode\" id=\"video-3931-1\" width=\"640\" height=\"360\" preload=\"metadata\" controls=\"controls\"><source type=\"video\/mp4\" src=\"\/spots\/hir\/hir_210201_01.mp4?_=1\" \/><a href=\"\/spots\/hir\/hir_210201_01.mp4\">\/spots\/hir\/hir_210201_01.mp4<\/a><\/video><\/div><\/p>\n","protected":false},"excerpt":{"rendered":"<p>Vezet\u0151i kinevez\u00e9sekr\u0151l d\u00f6nt\u00f6ttek a J\u00e1sz-Nagykun-Szolnok Megyei Het\u00e9nyi G\u00e9za K\u00f3rh\u00e1z-Rendel\u0151int\u00e9zetben. K\u00f6z\u00fcl\u00fck t\u00f6bbeknek a kor\u00e1bbi megb\u00edzott vezet\u0151i poz\u00edci\u00f3j\u00e1t, m\u00e1sokn\u00e1l pedig a lej\u00e1r\u00f3 megb\u00edzat\u00e1st er\u0151s\u00edtett\u00e9k meg \u00fajabb \u00f6t \u00e9vre. A kinevez\u00e9sek janu\u00e1rt\u00f3l l\u00e9ptek hat\u00e1lyba. rn &nbsp;<\/p>\n","protected":false},"author":2,"featured_media":0,"comment_status":"closed","ping_status":"closed","sticky":false,"template":"","format":"standard","meta":[],"categories":[6],"tags":[],"_links":{"self":[{"href":"http:\/\/archiv.szolnoktv.hu\/index.php?rest_route=\/wp\/v2\/posts\/3931"}],"collection":[{"href":"http:\/\/archiv.szolnoktv.hu\/index.php?rest_route=\/wp\/v2\/posts"}],"about":[{"href":"http:\/\/archiv.szolnoktv.hu\/index.php?rest_route=\/wp\/v2\/types\/post"}],"author":[{"embeddable":true,"href":"http:\/\/archiv.szolnoktv.hu\/index.php?rest_route=\/wp\/v2\/users\/2"}],"replies":[{"embeddable":true,"href":"http:\/\/archiv.szolnoktv.hu\/index.php?rest_route=%2Fwp%2Fv2%2Fcomments&post=3931"}],"version-history":[{"count":1,"href":"http:\/\/archiv.szolnoktv.hu\/index.php?rest_route=\/wp\/v2\/posts\/3931\/revisions"}],"predecessor-version":[{"id":3954,"href":"http:\/\/archiv.szolnoktv.hu\/index.php?rest_route=\/wp\/v2\/posts\/3931\/revisions\/3954"}],"wp:attachment":[{"href":"http:\/\/archiv.szolnoktv.hu\/index.php?rest_route=%2Fwp%2Fv2%2Fmedia&parent=3931"}],"wp:term":[{"taxonomy":"category","embeddable":true,"href":"http:\/\/archiv.szolnoktv.hu\/index.php?rest_route=%2Fwp%2Fv2%2Fcategories&post=3931"},{"taxonomy":"post_tag","embeddable":true,"href":"http:\/\/archiv.szolnoktv.hu\/index.php?rest_route=%2Fwp%2Fv2%2Ftags&post=3931"}],"curies":[{"name":"wp","href":"https:\/\/api.w.org\/{rel}","templated":true}]}}