{"id":3930,"date":"2021-02-01T18:37:22","date_gmt":"2021-02-01T18:37:22","guid":{"rendered":"http:\/\/archiv.szolnoktv.hu\/?p=3930"},"modified":"2021-08-02T18:08:04","modified_gmt":"2021-08-02T18:08:04","slug":"a-lakossagot-is-oltjak","status":"publish","type":"post","link":"http:\/\/archiv.szolnoktv.hu\/?p=3930","title":{"rendered":"A lakoss\u00e1got is oltj\u00e1k"},"content":{"rendered":"<div class='booster-block booster-read-block'><\/div><p>A h\u00e1ziorvosoknak ma kellett visszak\u00fcldeni\u00fck azt a list\u00e1t, melyen azok az id\u0151s lakosok szerepelnek, akik a rendel\u0151ben, otthonukban vagy az  olt\u00f3k\u00f6zpontban kapj\u00e1k meg  a vakcin\u00e1t. Rem\u00e9nyeik szerint a h\u00e9t m\u00e1sodik fel\u00e9ben valamennyi rendel\u0151be eljut az olt\u00f3anyag, \u00edgy napokon bel\u00fcl megkaphatj\u00e1k a legid\u0151sebb lakosok a vakcin\u00e1t.  Minden k\u00f6rzet egy ampulla Moderna vakcin\u00e1t kap, melyb\u0151l 10 lakost olthatnak be. rn <br \/> &nbsp;<div style=\"width: 640px;\" class=\"wp-video\"><!--[if lt IE 9]><script>document.createElement('video');<\/script><![endif]-->\n<video class=\"wp-video-shortcode\" id=\"video-3930-1\" width=\"640\" height=\"360\" preload=\"metadata\" controls=\"controls\"><source type=\"video\/mp4\" src=\"\/spots\/hir\/hir_210201_06.mp4?_=1\" \/><a href=\"\/spots\/hir\/hir_210201_06.mp4\">\/spots\/hir\/hir_210201_06.mp4<\/a><\/video><\/div><\/p>\n","protected":false},"excerpt":{"rendered":"<p>A h\u00e1ziorvosoknak ma kellett visszak\u00fcldeni\u00fck azt a list\u00e1t, melyen azok az id\u0151s lakosok szerepelnek, akik a rendel\u0151ben, otthonukban vagy az olt\u00f3k\u00f6zpontban kapj\u00e1k meg a vakcin\u00e1t. Rem\u00e9nyeik szerint a h\u00e9t m\u00e1sodik fel\u00e9ben valamennyi rendel\u0151be eljut az olt\u00f3anyag, \u00edgy napokon bel\u00fcl megkaphatj\u00e1k a legid\u0151sebb lakosok a vakcin\u00e1t. Minden k\u00f6rzet egy ampulla Moderna vakcin\u00e1t kap, melyb\u0151l 10 lakost [&hellip;]<\/p>\n","protected":false},"author":2,"featured_media":0,"comment_status":"closed","ping_status":"closed","sticky":false,"template":"","format":"standard","meta":[],"categories":[6],"tags":[],"_links":{"self":[{"href":"http:\/\/archiv.szolnoktv.hu\/index.php?rest_route=\/wp\/v2\/posts\/3930"}],"collection":[{"href":"http:\/\/archiv.szolnoktv.hu\/index.php?rest_route=\/wp\/v2\/posts"}],"about":[{"href":"http:\/\/archiv.szolnoktv.hu\/index.php?rest_route=\/wp\/v2\/types\/post"}],"author":[{"embeddable":true,"href":"http:\/\/archiv.szolnoktv.hu\/index.php?rest_route=\/wp\/v2\/users\/2"}],"replies":[{"embeddable":true,"href":"http:\/\/archiv.szolnoktv.hu\/index.php?rest_route=%2Fwp%2Fv2%2Fcomments&post=3930"}],"version-history":[{"count":1,"href":"http:\/\/archiv.szolnoktv.hu\/index.php?rest_route=\/wp\/v2\/posts\/3930\/revisions"}],"predecessor-version":[{"id":3955,"href":"http:\/\/archiv.szolnoktv.hu\/index.php?rest_route=\/wp\/v2\/posts\/3930\/revisions\/3955"}],"wp:attachment":[{"href":"http:\/\/archiv.szolnoktv.hu\/index.php?rest_route=%2Fwp%2Fv2%2Fmedia&parent=3930"}],"wp:term":[{"taxonomy":"category","embeddable":true,"href":"http:\/\/archiv.szolnoktv.hu\/index.php?rest_route=%2Fwp%2Fv2%2Fcategories&post=3930"},{"taxonomy":"post_tag","embeddable":true,"href":"http:\/\/archiv.szolnoktv.hu\/index.php?rest_route=%2Fwp%2Fv2%2Ftags&post=3930"}],"curies":[{"name":"wp","href":"https:\/\/api.w.org\/{rel}","templated":true}]}}