{"id":3929,"date":"2021-02-01T18:29:50","date_gmt":"2021-02-01T18:29:50","guid":{"rendered":"http:\/\/archiv.szolnoktv.hu\/?p=3929"},"modified":"2021-08-02T18:08:04","modified_gmt":"2021-08-02T18:08:04","slug":"leszerzodtek-a-honvedseggel","status":"publish","type":"post","link":"http:\/\/archiv.szolnoktv.hu\/?p=3929","title":{"rendered":"Leszerz\u0151dtek a honv\u00e9ds\u00e9ggel"},"content":{"rendered":"<div class='booster-block booster-read-block'><\/div><p>M\u00e1t\u00f3l ismerkednek a katona\u00e9lettel a frissen jelentkezett speci\u00e1lis \u00f6nk\u00e9ntes tartal\u00e9kosok Szolnokon. A COVID j\u00e1rv\u00e1ny negat\u00edv hat\u00e1saira reag\u00e1l\u00f3 Magyar Honv\u00e9ds\u00e9g imm\u00e1r a 4. csoport kik\u00e9pz\u00e9s\u00e9t kezdi meg. A c\u00e9l kett\u0151s: a j\u00e1rv\u00e1ny miatt munkahely\u00fcket elveszt\u0151, j\u00f6v\u0151j\u00fcket a sereg k\u00f6tel\u00e9k\u00e9ben elk\u00e9pzel\u0151 szem\u00e9lyek biztos meg\u00e9lhet\u00e9shez juttat\u00e1sa, illetve a honv\u00e9ds\u00e9g \u00e1llom\u00e1ny\u00e1nak felt\u00f6lt\u00e9se. rn <br \/> &nbsp;<div style=\"width: 640px;\" class=\"wp-video\"><!--[if lt IE 9]><script>document.createElement('video');<\/script><![endif]-->\n<video class=\"wp-video-shortcode\" id=\"video-3929-1\" width=\"640\" height=\"360\" preload=\"metadata\" controls=\"controls\"><source type=\"video\/mp4\" src=\"\/spots\/hir\/hir_210201_02.mp4?_=1\" \/><a href=\"\/spots\/hir\/hir_210201_02.mp4\">\/spots\/hir\/hir_210201_02.mp4<\/a><\/video><\/div><\/p>\n","protected":false},"excerpt":{"rendered":"<p>M\u00e1t\u00f3l ismerkednek a katona\u00e9lettel a frissen jelentkezett speci\u00e1lis \u00f6nk\u00e9ntes tartal\u00e9kosok Szolnokon. A COVID j\u00e1rv\u00e1ny negat\u00edv hat\u00e1saira reag\u00e1l\u00f3 Magyar Honv\u00e9ds\u00e9g imm\u00e1r a 4. csoport kik\u00e9pz\u00e9s\u00e9t kezdi meg. A c\u00e9l kett\u0151s: a j\u00e1rv\u00e1ny miatt munkahely\u00fcket elveszt\u0151, j\u00f6v\u0151j\u00fcket a sereg k\u00f6tel\u00e9k\u00e9ben elk\u00e9pzel\u0151 szem\u00e9lyek biztos meg\u00e9lhet\u00e9shez juttat\u00e1sa, illetve a honv\u00e9ds\u00e9g \u00e1llom\u00e1ny\u00e1nak felt\u00f6lt\u00e9se. rn &nbsp;<\/p>\n","protected":false},"author":2,"featured_media":0,"comment_status":"closed","ping_status":"closed","sticky":false,"template":"","format":"standard","meta":[],"categories":[6],"tags":[],"_links":{"self":[{"href":"http:\/\/archiv.szolnoktv.hu\/index.php?rest_route=\/wp\/v2\/posts\/3929"}],"collection":[{"href":"http:\/\/archiv.szolnoktv.hu\/index.php?rest_route=\/wp\/v2\/posts"}],"about":[{"href":"http:\/\/archiv.szolnoktv.hu\/index.php?rest_route=\/wp\/v2\/types\/post"}],"author":[{"embeddable":true,"href":"http:\/\/archiv.szolnoktv.hu\/index.php?rest_route=\/wp\/v2\/users\/2"}],"replies":[{"embeddable":true,"href":"http:\/\/archiv.szolnoktv.hu\/index.php?rest_route=%2Fwp%2Fv2%2Fcomments&post=3929"}],"version-history":[{"count":1,"href":"http:\/\/archiv.szolnoktv.hu\/index.php?rest_route=\/wp\/v2\/posts\/3929\/revisions"}],"predecessor-version":[{"id":3956,"href":"http:\/\/archiv.szolnoktv.hu\/index.php?rest_route=\/wp\/v2\/posts\/3929\/revisions\/3956"}],"wp:attachment":[{"href":"http:\/\/archiv.szolnoktv.hu\/index.php?rest_route=%2Fwp%2Fv2%2Fmedia&parent=3929"}],"wp:term":[{"taxonomy":"category","embeddable":true,"href":"http:\/\/archiv.szolnoktv.hu\/index.php?rest_route=%2Fwp%2Fv2%2Fcategories&post=3929"},{"taxonomy":"post_tag","embeddable":true,"href":"http:\/\/archiv.szolnoktv.hu\/index.php?rest_route=%2Fwp%2Fv2%2Ftags&post=3929"}],"curies":[{"name":"wp","href":"https:\/\/api.w.org\/{rel}","templated":true}]}}