{"id":3928,"date":"2021-02-01T18:17:18","date_gmt":"2021-02-01T18:17:18","guid":{"rendered":"http:\/\/archiv.szolnoktv.hu\/?p=3928"},"modified":"2021-08-02T18:08:04","modified_gmt":"2021-08-02T18:08:04","slug":"ujjaeledt-tisza","status":"publish","type":"post","link":"http:\/\/archiv.szolnoktv.hu\/?p=3928","title":{"rendered":"\u00dajj\u00e1\u00e9ledt Tisza"},"content":{"rendered":"<div class='booster-block booster-read-block'><\/div><p>Hal\u00e1ltus\u00e1j\u00e1t j\u00e1rta a Tisza. 21 \u00e9vvel ezel\u0151tt szinte teljesen elpusztult a Sz\u0151ke Foly\u00f3 \u00e9l\u0151vil\u00e1ga. A nagyb\u00e1nyai Aurul b\u00e1nyav\u00e1llalat l\u00e9tes\u00edtm\u00e9ny\u00e9b\u0151l 200. janu\u00e1r 30-\u00e1n 100 ezer k\u00f6bm\u00e9ter cianid- \u00e9s neh\u00e9zf\u00e9mtartalm\u00fa szennyv\u00edz z\u00fadult a L\u00e1pos foly\u00f3ba, majd ezen kereszt\u00fcl a Szamosba \u00e9s a Tisz\u00e1ba. A cianid szennyez\u00e9s m\u00e9rhetetlen k\u00e1rokat okozott. A Tisza \u00c9l\u0151vil\u00e1g\u00e1nak Eml\u00e9knapj\u00e1n erre is eml\u00e9kez\u00fcnk.rn <br \/> &nbsp;<div style=\"width: 640px;\" class=\"wp-video\"><!--[if lt IE 9]><script>document.createElement('video');<\/script><![endif]-->\n<video class=\"wp-video-shortcode\" id=\"video-3928-1\" width=\"640\" height=\"360\" preload=\"metadata\" controls=\"controls\"><source type=\"video\/mp4\" src=\"\/spots\/hir\/hir_210201_07.mp4?_=1\" \/><a href=\"\/spots\/hir\/hir_210201_07.mp4\">\/spots\/hir\/hir_210201_07.mp4<\/a><\/video><\/div><\/p>\n","protected":false},"excerpt":{"rendered":"<p>Hal\u00e1ltus\u00e1j\u00e1t j\u00e1rta a Tisza. 21 \u00e9vvel ezel\u0151tt szinte teljesen elpusztult a Sz\u0151ke Foly\u00f3 \u00e9l\u0151vil\u00e1ga. A nagyb\u00e1nyai Aurul b\u00e1nyav\u00e1llalat l\u00e9tes\u00edtm\u00e9ny\u00e9b\u0151l 200. janu\u00e1r 30-\u00e1n 100 ezer k\u00f6bm\u00e9ter cianid- \u00e9s neh\u00e9zf\u00e9mtartalm\u00fa szennyv\u00edz z\u00fadult a L\u00e1pos foly\u00f3ba, majd ezen kereszt\u00fcl a Szamosba \u00e9s a Tisz\u00e1ba. A cianid szennyez\u00e9s m\u00e9rhetetlen k\u00e1rokat okozott. A Tisza \u00c9l\u0151vil\u00e1g\u00e1nak Eml\u00e9knapj\u00e1n erre is eml\u00e9kez\u00fcnk.rn &nbsp;<\/p>\n","protected":false},"author":2,"featured_media":0,"comment_status":"closed","ping_status":"closed","sticky":false,"template":"","format":"standard","meta":[],"categories":[6],"tags":[],"_links":{"self":[{"href":"http:\/\/archiv.szolnoktv.hu\/index.php?rest_route=\/wp\/v2\/posts\/3928"}],"collection":[{"href":"http:\/\/archiv.szolnoktv.hu\/index.php?rest_route=\/wp\/v2\/posts"}],"about":[{"href":"http:\/\/archiv.szolnoktv.hu\/index.php?rest_route=\/wp\/v2\/types\/post"}],"author":[{"embeddable":true,"href":"http:\/\/archiv.szolnoktv.hu\/index.php?rest_route=\/wp\/v2\/users\/2"}],"replies":[{"embeddable":true,"href":"http:\/\/archiv.szolnoktv.hu\/index.php?rest_route=%2Fwp%2Fv2%2Fcomments&post=3928"}],"version-history":[{"count":1,"href":"http:\/\/archiv.szolnoktv.hu\/index.php?rest_route=\/wp\/v2\/posts\/3928\/revisions"}],"predecessor-version":[{"id":3957,"href":"http:\/\/archiv.szolnoktv.hu\/index.php?rest_route=\/wp\/v2\/posts\/3928\/revisions\/3957"}],"wp:attachment":[{"href":"http:\/\/archiv.szolnoktv.hu\/index.php?rest_route=%2Fwp%2Fv2%2Fmedia&parent=3928"}],"wp:term":[{"taxonomy":"category","embeddable":true,"href":"http:\/\/archiv.szolnoktv.hu\/index.php?rest_route=%2Fwp%2Fv2%2Fcategories&post=3928"},{"taxonomy":"post_tag","embeddable":true,"href":"http:\/\/archiv.szolnoktv.hu\/index.php?rest_route=%2Fwp%2Fv2%2Ftags&post=3928"}],"curies":[{"name":"wp","href":"https:\/\/api.w.org\/{rel}","templated":true}]}}