{"id":3927,"date":"2021-02-01T18:10:25","date_gmt":"2021-02-01T18:10:25","guid":{"rendered":"http:\/\/archiv.szolnoktv.hu\/?p=3927"},"modified":"2021-08-02T18:08:05","modified_gmt":"2021-08-02T18:08:05","slug":"bucsu-gyozelemmel","status":"publish","type":"post","link":"http:\/\/archiv.szolnoktv.hu\/?p=3927","title":{"rendered":"B\u00facs\u00fa gy\u0151zelemmel"},"content":{"rendered":"<div class='booster-block booster-read-block'><\/div><p>Gy\u0151zelemmel z\u00e1rta a lengyelorsz\u00e1gi bubor\u00e9kot a Szolnoki Olajb\u00e1ny\u00e1sz. A FIBA Euro Cup csoportselejtez\u0151j\u00e9nek harmadik j\u00e1t\u00e9knapj\u00e1n legy\u0151zte ugyan a portug\u00e1l Sportingot, a tov\u00e1bbjut\u00e1shoz azonban ez sem volt el\u00e9g. rn <br \/> &nbsp;<div style=\"width: 640px;\" class=\"wp-video\"><!--[if lt IE 9]><script>document.createElement('video');<\/script><![endif]-->\n<video class=\"wp-video-shortcode\" id=\"video-3927-1\" width=\"640\" height=\"360\" preload=\"metadata\" controls=\"controls\"><source type=\"video\/mp4\" src=\"\/spots\/hir\/hir_210201_05.mp4?_=1\" \/><a href=\"\/spots\/hir\/hir_210201_05.mp4\">\/spots\/hir\/hir_210201_05.mp4<\/a><\/video><\/div><\/p>\n","protected":false},"excerpt":{"rendered":"<p>Gy\u0151zelemmel z\u00e1rta a lengyelorsz\u00e1gi bubor\u00e9kot a Szolnoki Olajb\u00e1ny\u00e1sz. A FIBA Euro Cup csoportselejtez\u0151j\u00e9nek harmadik j\u00e1t\u00e9knapj\u00e1n legy\u0151zte ugyan a portug\u00e1l Sportingot, a tov\u00e1bbjut\u00e1shoz azonban ez sem volt el\u00e9g. rn &nbsp;<\/p>\n","protected":false},"author":2,"featured_media":0,"comment_status":"closed","ping_status":"closed","sticky":false,"template":"","format":"standard","meta":[],"categories":[6],"tags":[],"_links":{"self":[{"href":"http:\/\/archiv.szolnoktv.hu\/index.php?rest_route=\/wp\/v2\/posts\/3927"}],"collection":[{"href":"http:\/\/archiv.szolnoktv.hu\/index.php?rest_route=\/wp\/v2\/posts"}],"about":[{"href":"http:\/\/archiv.szolnoktv.hu\/index.php?rest_route=\/wp\/v2\/types\/post"}],"author":[{"embeddable":true,"href":"http:\/\/archiv.szolnoktv.hu\/index.php?rest_route=\/wp\/v2\/users\/2"}],"replies":[{"embeddable":true,"href":"http:\/\/archiv.szolnoktv.hu\/index.php?rest_route=%2Fwp%2Fv2%2Fcomments&post=3927"}],"version-history":[{"count":1,"href":"http:\/\/archiv.szolnoktv.hu\/index.php?rest_route=\/wp\/v2\/posts\/3927\/revisions"}],"predecessor-version":[{"id":3958,"href":"http:\/\/archiv.szolnoktv.hu\/index.php?rest_route=\/wp\/v2\/posts\/3927\/revisions\/3958"}],"wp:attachment":[{"href":"http:\/\/archiv.szolnoktv.hu\/index.php?rest_route=%2Fwp%2Fv2%2Fmedia&parent=3927"}],"wp:term":[{"taxonomy":"category","embeddable":true,"href":"http:\/\/archiv.szolnoktv.hu\/index.php?rest_route=%2Fwp%2Fv2%2Fcategories&post=3927"},{"taxonomy":"post_tag","embeddable":true,"href":"http:\/\/archiv.szolnoktv.hu\/index.php?rest_route=%2Fwp%2Fv2%2Ftags&post=3927"}],"curies":[{"name":"wp","href":"https:\/\/api.w.org\/{rel}","templated":true}]}}