{"id":3917,"date":"2021-01-29T19:22:30","date_gmt":"2021-01-29T19:22:30","guid":{"rendered":"http:\/\/archiv.szolnoktv.hu\/?p=3917"},"modified":"2021-08-02T18:08:22","modified_gmt":"2021-08-02T18:08:22","slug":"folytatodik-az-idosek-oltasa","status":"publish","type":"post","link":"http:\/\/archiv.szolnoktv.hu\/?p=3917","title":{"rendered":"Folytat\u00f3dik az id\u0151sek olt\u00e1sa"},"content":{"rendered":"<div class='booster-block booster-read-block'><\/div><p>Ma a K\u00e1n K\u00e1roly \u00fati Id\u0151sek Otthon\u00e1ban is elkezdt\u00e9k az id\u0151sek \u00e9s a gondozottak olt\u00e1s\u00e1t. A vakcin\u00e1t speci\u00e1lis h\u0171t\u0151t\u00e1sk\u00e1ban sz\u00e1ll\u00edtott\u00e1k a helysz\u00ednre. A j\u00e1r\u00f3k\u00e9ptelen id\u0151sek saj\u00e1t szob\u00e1jukban kapt\u00e1k meg a Covid 19 elleni v\u00e9d\u0151olt\u00e1st. rn <br \/> &nbsp;<div style=\"width: 640px;\" class=\"wp-video\"><!--[if lt IE 9]><script>document.createElement('video');<\/script><![endif]-->\n<video class=\"wp-video-shortcode\" id=\"video-3917-1\" width=\"640\" height=\"360\" preload=\"metadata\" controls=\"controls\"><source type=\"video\/mp4\" src=\"\/spots\/hir\/hir_210129_05.mp4?_=1\" \/><a href=\"\/spots\/hir\/hir_210129_05.mp4\">\/spots\/hir\/hir_210129_05.mp4<\/a><\/video><\/div><\/p>\n","protected":false},"excerpt":{"rendered":"<p>Ma a K\u00e1n K\u00e1roly \u00fati Id\u0151sek Otthon\u00e1ban is elkezdt\u00e9k az id\u0151sek \u00e9s a gondozottak olt\u00e1s\u00e1t. A vakcin\u00e1t speci\u00e1lis h\u0171t\u0151t\u00e1sk\u00e1ban sz\u00e1ll\u00edtott\u00e1k a helysz\u00ednre. A j\u00e1r\u00f3k\u00e9ptelen id\u0151sek saj\u00e1t szob\u00e1jukban kapt\u00e1k meg a Covid 19 elleni v\u00e9d\u0151olt\u00e1st. rn &nbsp;<\/p>\n","protected":false},"author":2,"featured_media":0,"comment_status":"closed","ping_status":"closed","sticky":false,"template":"","format":"standard","meta":[],"categories":[6],"tags":[],"_links":{"self":[{"href":"http:\/\/archiv.szolnoktv.hu\/index.php?rest_route=\/wp\/v2\/posts\/3917"}],"collection":[{"href":"http:\/\/archiv.szolnoktv.hu\/index.php?rest_route=\/wp\/v2\/posts"}],"about":[{"href":"http:\/\/archiv.szolnoktv.hu\/index.php?rest_route=\/wp\/v2\/types\/post"}],"author":[{"embeddable":true,"href":"http:\/\/archiv.szolnoktv.hu\/index.php?rest_route=\/wp\/v2\/users\/2"}],"replies":[{"embeddable":true,"href":"http:\/\/archiv.szolnoktv.hu\/index.php?rest_route=%2Fwp%2Fv2%2Fcomments&post=3917"}],"version-history":[{"count":1,"href":"http:\/\/archiv.szolnoktv.hu\/index.php?rest_route=\/wp\/v2\/posts\/3917\/revisions"}],"predecessor-version":[{"id":3968,"href":"http:\/\/archiv.szolnoktv.hu\/index.php?rest_route=\/wp\/v2\/posts\/3917\/revisions\/3968"}],"wp:attachment":[{"href":"http:\/\/archiv.szolnoktv.hu\/index.php?rest_route=%2Fwp%2Fv2%2Fmedia&parent=3917"}],"wp:term":[{"taxonomy":"category","embeddable":true,"href":"http:\/\/archiv.szolnoktv.hu\/index.php?rest_route=%2Fwp%2Fv2%2Fcategories&post=3917"},{"taxonomy":"post_tag","embeddable":true,"href":"http:\/\/archiv.szolnoktv.hu\/index.php?rest_route=%2Fwp%2Fv2%2Ftags&post=3917"}],"curies":[{"name":"wp","href":"https:\/\/api.w.org\/{rel}","templated":true}]}}