{"id":3916,"date":"2021-01-29T19:16:25","date_gmt":"2021-01-29T19:16:25","guid":{"rendered":"http:\/\/archiv.szolnoktv.hu\/?p=3916"},"modified":"2021-08-02T18:08:23","modified_gmt":"2021-08-02T18:08:23","slug":"gazdasagfejlesztesi-programmal-keszul-a-kormany-az-ujranyitasra","status":"publish","type":"post","link":"http:\/\/archiv.szolnoktv.hu\/?p=3916","title":{"rendered":"Gazdas\u00e1gfejleszt\u00e9si programmal k\u00e9sz\u00fcl a korm\u00e1ny az \u00fajranyit\u00e1sra"},"content":{"rendered":"<div class='booster-block booster-read-block'><\/div><p>A j\u00f6v\u0151 h\u00e9t elej\u00e9t\u0151l kezd\u0151dik a regisztr\u00e1ci\u00f3 alap\u00fa olt\u00e1s &#8211; jelentette be a minisztereln\u00f6k. Orb\u00e1n Viktor a Kossuth R\u00e1di\u00f3 reggeli m\u0171sor\u00e1ban hangs\u00falyozta, hogy az olt\u00e1s \u00f6nk\u00e9ntes \u00e9s ingyenes.  Akik regisztr\u00e1ltak, azokat \u00e9rtes\u00edteni fogj\u00e1k, hogy hov\u00e1 \u00e9s mikor kell menni\u00fck. A korm\u00e1nyf\u0151 arr\u00f3l is besz\u00e9lt, hogy \u00fajabb jelent\u0151s gazdas\u00e1gfejleszt\u00e9si program kezd\u0151dik \u00e9s tervezik a gazdas\u00e1g \u00fajranyit\u00e1s\u00e1t is, amely akkor t\u00f6rt\u00e9nhet meg, ha m\u00e1r elegend\u0151 ember felvette a v\u00e9d\u0151olt\u00e1st.  <br \/> &nbsp;<div style=\"width: 640px;\" class=\"wp-video\"><!--[if lt IE 9]><script>document.createElement('video');<\/script><![endif]-->\n<video class=\"wp-video-shortcode\" id=\"video-3916-1\" width=\"640\" height=\"360\" preload=\"metadata\" controls=\"controls\"><source type=\"video\/mp4\" src=\"\/spots\/hir\/hir_210129_04.mp4?_=1\" \/><a href=\"\/spots\/hir\/hir_210129_04.mp4\">\/spots\/hir\/hir_210129_04.mp4<\/a><\/video><\/div><\/p>\n","protected":false},"excerpt":{"rendered":"<p>A j\u00f6v\u0151 h\u00e9t elej\u00e9t\u0151l kezd\u0151dik a regisztr\u00e1ci\u00f3 alap\u00fa olt\u00e1s &#8211; jelentette be a minisztereln\u00f6k. Orb\u00e1n Viktor a Kossuth R\u00e1di\u00f3 reggeli m\u0171sor\u00e1ban hangs\u00falyozta, hogy az olt\u00e1s \u00f6nk\u00e9ntes \u00e9s ingyenes. Akik regisztr\u00e1ltak, azokat \u00e9rtes\u00edteni fogj\u00e1k, hogy hov\u00e1 \u00e9s mikor kell menni\u00fck. A korm\u00e1nyf\u0151 arr\u00f3l is besz\u00e9lt, hogy \u00fajabb jelent\u0151s gazdas\u00e1gfejleszt\u00e9si program kezd\u0151dik \u00e9s tervezik a gazdas\u00e1g \u00fajranyit\u00e1s\u00e1t [&hellip;]<\/p>\n","protected":false},"author":2,"featured_media":0,"comment_status":"closed","ping_status":"closed","sticky":false,"template":"","format":"standard","meta":[],"categories":[6],"tags":[],"_links":{"self":[{"href":"http:\/\/archiv.szolnoktv.hu\/index.php?rest_route=\/wp\/v2\/posts\/3916"}],"collection":[{"href":"http:\/\/archiv.szolnoktv.hu\/index.php?rest_route=\/wp\/v2\/posts"}],"about":[{"href":"http:\/\/archiv.szolnoktv.hu\/index.php?rest_route=\/wp\/v2\/types\/post"}],"author":[{"embeddable":true,"href":"http:\/\/archiv.szolnoktv.hu\/index.php?rest_route=\/wp\/v2\/users\/2"}],"replies":[{"embeddable":true,"href":"http:\/\/archiv.szolnoktv.hu\/index.php?rest_route=%2Fwp%2Fv2%2Fcomments&post=3916"}],"version-history":[{"count":1,"href":"http:\/\/archiv.szolnoktv.hu\/index.php?rest_route=\/wp\/v2\/posts\/3916\/revisions"}],"predecessor-version":[{"id":3969,"href":"http:\/\/archiv.szolnoktv.hu\/index.php?rest_route=\/wp\/v2\/posts\/3916\/revisions\/3969"}],"wp:attachment":[{"href":"http:\/\/archiv.szolnoktv.hu\/index.php?rest_route=%2Fwp%2Fv2%2Fmedia&parent=3916"}],"wp:term":[{"taxonomy":"category","embeddable":true,"href":"http:\/\/archiv.szolnoktv.hu\/index.php?rest_route=%2Fwp%2Fv2%2Fcategories&post=3916"},{"taxonomy":"post_tag","embeddable":true,"href":"http:\/\/archiv.szolnoktv.hu\/index.php?rest_route=%2Fwp%2Fv2%2Ftags&post=3916"}],"curies":[{"name":"wp","href":"https:\/\/api.w.org\/{rel}","templated":true}]}}