{"id":3915,"date":"2021-01-29T18:59:26","date_gmt":"2021-01-29T18:59:26","guid":{"rendered":"http:\/\/archiv.szolnoktv.hu\/?p=3915"},"modified":"2021-08-02T18:08:23","modified_gmt":"2021-08-02T18:08:23","slug":"a-varos-elismerese","status":"publish","type":"post","link":"http:\/\/archiv.szolnoktv.hu\/?p=3915","title":{"rendered":"A v\u00e1ros elismer\u00e9se"},"content":{"rendered":"<div class='booster-block booster-read-block'><\/div><p>A hat\u00e1ron t\u00falr\u00f3l \u00e9rkezett, m\u00e1ra azonban \u00f6sszen\u0151tt az \u00e9lete Szolnokkal Barab\u00e1s Botond sz\u00ednm\u0171v\u00e9sznek. A Szigligeti Sz\u00ednh\u00e1z tagjak\u00e9nt az elm\u00falt 16 \u00e9vben szinte az \u00f6sszes szerep\u00e1lma teljes\u00fclt, a t\u00e1rsulat egyik vezet\u0151 sz\u00edn\u00e9sze lett. M\u0171v\u00e9szeti tev\u00e9kenys\u00e9g\u00e9t a magyar kult\u00fara napja alkalm\u00e1b\u00f3l Kaposv\u00e1ry Gyula d\u00edjjal ismerte el a v\u00e1ros.    <br \/> &nbsp;<div style=\"width: 640px;\" class=\"wp-video\"><!--[if lt IE 9]><script>document.createElement('video');<\/script><![endif]-->\n<video class=\"wp-video-shortcode\" id=\"video-3915-1\" width=\"640\" height=\"360\" preload=\"metadata\" controls=\"controls\"><source type=\"video\/mp4\" src=\"\/spots\/hir\/hir_210129_03.mp4?_=1\" \/><a href=\"\/spots\/hir\/hir_210129_03.mp4\">\/spots\/hir\/hir_210129_03.mp4<\/a><\/video><\/div><\/p>\n","protected":false},"excerpt":{"rendered":"<p>A hat\u00e1ron t\u00falr\u00f3l \u00e9rkezett, m\u00e1ra azonban \u00f6sszen\u0151tt az \u00e9lete Szolnokkal Barab\u00e1s Botond sz\u00ednm\u0171v\u00e9sznek. A Szigligeti Sz\u00ednh\u00e1z tagjak\u00e9nt az elm\u00falt 16 \u00e9vben szinte az \u00f6sszes szerep\u00e1lma teljes\u00fclt, a t\u00e1rsulat egyik vezet\u0151 sz\u00edn\u00e9sze lett. M\u0171v\u00e9szeti tev\u00e9kenys\u00e9g\u00e9t a magyar kult\u00fara napja alkalm\u00e1b\u00f3l Kaposv\u00e1ry Gyula d\u00edjjal ismerte el a v\u00e1ros. &nbsp;<\/p>\n","protected":false},"author":2,"featured_media":0,"comment_status":"closed","ping_status":"closed","sticky":false,"template":"","format":"standard","meta":[],"categories":[6],"tags":[],"_links":{"self":[{"href":"http:\/\/archiv.szolnoktv.hu\/index.php?rest_route=\/wp\/v2\/posts\/3915"}],"collection":[{"href":"http:\/\/archiv.szolnoktv.hu\/index.php?rest_route=\/wp\/v2\/posts"}],"about":[{"href":"http:\/\/archiv.szolnoktv.hu\/index.php?rest_route=\/wp\/v2\/types\/post"}],"author":[{"embeddable":true,"href":"http:\/\/archiv.szolnoktv.hu\/index.php?rest_route=\/wp\/v2\/users\/2"}],"replies":[{"embeddable":true,"href":"http:\/\/archiv.szolnoktv.hu\/index.php?rest_route=%2Fwp%2Fv2%2Fcomments&post=3915"}],"version-history":[{"count":1,"href":"http:\/\/archiv.szolnoktv.hu\/index.php?rest_route=\/wp\/v2\/posts\/3915\/revisions"}],"predecessor-version":[{"id":3970,"href":"http:\/\/archiv.szolnoktv.hu\/index.php?rest_route=\/wp\/v2\/posts\/3915\/revisions\/3970"}],"wp:attachment":[{"href":"http:\/\/archiv.szolnoktv.hu\/index.php?rest_route=%2Fwp%2Fv2%2Fmedia&parent=3915"}],"wp:term":[{"taxonomy":"category","embeddable":true,"href":"http:\/\/archiv.szolnoktv.hu\/index.php?rest_route=%2Fwp%2Fv2%2Fcategories&post=3915"},{"taxonomy":"post_tag","embeddable":true,"href":"http:\/\/archiv.szolnoktv.hu\/index.php?rest_route=%2Fwp%2Fv2%2Ftags&post=3915"}],"curies":[{"name":"wp","href":"https:\/\/api.w.org\/{rel}","templated":true}]}}