{"id":3912,"date":"2021-01-29T18:32:25","date_gmt":"2021-01-29T18:32:25","guid":{"rendered":"http:\/\/archiv.szolnoktv.hu\/?p=3912"},"modified":"2021-08-02T18:08:24","modified_gmt":"2021-08-02T18:08:24","slug":"helyi-jarat-mult-es-jelen-kozott","status":"publish","type":"post","link":"http:\/\/archiv.szolnoktv.hu\/?p=3912","title":{"rendered":"Helyi J\u00e1rat m\u00falt \u00e9s jelen k\u00f6z\u00f6tt"},"content":{"rendered":"<div class='booster-block booster-read-block'><\/div><p>A padl\u00e1s rejtett sark\u00e1b\u00f3l vagy valamelyik szekr\u00e9ny m\u00e9ly\u00e9r\u0151l el\u0151ker\u00fcl\u0151 r\u00e9gi doboz, elfeledett f\u00e9nyk\u00e9palbum, egykor kincsk\u00e9nt \u0151rz\u00f6tt eml\u00e9kk\u00f6nyv, megs\u00e1rgult k\u00e9peslap &#8211; sokan \u00e1t\u00e9lt\u00fck m\u00e1r az \u00fajrafelfedez\u00e9s \u00e9s az eml\u00e9kez\u00e9s \u00f6r\u00f6m\u00e9t, amikor k\u00edv\u00e1ncsian felpattintottuk csal\u00e1dunk \u00e9let\u00e9nek t\u00f6rt\u00e9neti darabjait \u0151rz\u0151, elfeledett kincsek rejtekeit. A telev\u00edzi\u00f3 arch\u00edvuma is ilyen kincsest\u00e1r: v\u00e1rosunk \u00e9s lak\u00f3i egy\u00e9ni \u00e9s k\u00f6z\u00f6s t\u00f6rt\u00e9nelm\u00e9nek saj\u00e1tos lenyomata. Ide h\u00edv rendhagy\u00f3 kalandoz\u00e1sra szerkeszt\u0151s\u00e9g\u00fcnk vas\u00e1rnap indul\u00f3 \u00faj m\u0171sora, a Helyi J\u00e1rat.  <br \/> &nbsp;<div style=\"width: 640px;\" class=\"wp-video\"><!--[if lt IE 9]><script>document.createElement('video');<\/script><![endif]-->\n<video class=\"wp-video-shortcode\" id=\"video-3912-1\" width=\"640\" height=\"360\" preload=\"metadata\" controls=\"controls\"><source type=\"video\/mp4\" src=\"\/spots\/hir\/hir_210129_06.mp4?_=1\" \/><a href=\"\/spots\/hir\/hir_210129_06.mp4\">\/spots\/hir\/hir_210129_06.mp4<\/a><\/video><\/div><\/p>\n","protected":false},"excerpt":{"rendered":"<p>A padl\u00e1s rejtett sark\u00e1b\u00f3l vagy valamelyik szekr\u00e9ny m\u00e9ly\u00e9r\u0151l el\u0151ker\u00fcl\u0151 r\u00e9gi doboz, elfeledett f\u00e9nyk\u00e9palbum, egykor kincsk\u00e9nt \u0151rz\u00f6tt eml\u00e9kk\u00f6nyv, megs\u00e1rgult k\u00e9peslap &#8211; sokan \u00e1t\u00e9lt\u00fck m\u00e1r az \u00fajrafelfedez\u00e9s \u00e9s az eml\u00e9kez\u00e9s \u00f6r\u00f6m\u00e9t, amikor k\u00edv\u00e1ncsian felpattintottuk csal\u00e1dunk \u00e9let\u00e9nek t\u00f6rt\u00e9neti darabjait \u0151rz\u0151, elfeledett kincsek rejtekeit. A telev\u00edzi\u00f3 arch\u00edvuma is ilyen kincsest\u00e1r: v\u00e1rosunk \u00e9s lak\u00f3i egy\u00e9ni \u00e9s k\u00f6z\u00f6s t\u00f6rt\u00e9nelm\u00e9nek saj\u00e1tos lenyomata. [&hellip;]<\/p>\n","protected":false},"author":2,"featured_media":0,"comment_status":"closed","ping_status":"closed","sticky":false,"template":"","format":"standard","meta":[],"categories":[6],"tags":[],"_links":{"self":[{"href":"http:\/\/archiv.szolnoktv.hu\/index.php?rest_route=\/wp\/v2\/posts\/3912"}],"collection":[{"href":"http:\/\/archiv.szolnoktv.hu\/index.php?rest_route=\/wp\/v2\/posts"}],"about":[{"href":"http:\/\/archiv.szolnoktv.hu\/index.php?rest_route=\/wp\/v2\/types\/post"}],"author":[{"embeddable":true,"href":"http:\/\/archiv.szolnoktv.hu\/index.php?rest_route=\/wp\/v2\/users\/2"}],"replies":[{"embeddable":true,"href":"http:\/\/archiv.szolnoktv.hu\/index.php?rest_route=%2Fwp%2Fv2%2Fcomments&post=3912"}],"version-history":[{"count":1,"href":"http:\/\/archiv.szolnoktv.hu\/index.php?rest_route=\/wp\/v2\/posts\/3912\/revisions"}],"predecessor-version":[{"id":3973,"href":"http:\/\/archiv.szolnoktv.hu\/index.php?rest_route=\/wp\/v2\/posts\/3912\/revisions\/3973"}],"wp:attachment":[{"href":"http:\/\/archiv.szolnoktv.hu\/index.php?rest_route=%2Fwp%2Fv2%2Fmedia&parent=3912"}],"wp:term":[{"taxonomy":"category","embeddable":true,"href":"http:\/\/archiv.szolnoktv.hu\/index.php?rest_route=%2Fwp%2Fv2%2Fcategories&post=3912"},{"taxonomy":"post_tag","embeddable":true,"href":"http:\/\/archiv.szolnoktv.hu\/index.php?rest_route=%2Fwp%2Fv2%2Ftags&post=3912"}],"curies":[{"name":"wp","href":"https:\/\/api.w.org\/{rel}","templated":true}]}}