{"id":3911,"date":"2021-01-29T16:55:29","date_gmt":"2021-01-29T16:55:29","guid":{"rendered":"http:\/\/archiv.szolnoktv.hu\/?p=3911"},"modified":"2021-08-02T18:08:24","modified_gmt":"2021-08-02T18:08:24","slug":"upsz-a-szifonban","status":"publish","type":"post","link":"http:\/\/archiv.szolnoktv.hu\/?p=3911","title":{"rendered":"Upsz a Szifonban"},"content":{"rendered":"<div class='booster-block booster-read-block'><\/div><p>Bement az Upsz a Szifonba. A Szolnok Telev\u00edzi\u00f3 ifj\u00fas\u00e1gi m\u0171sor\u00e1nak k\u00e9sz\u00edt\u0151i voltak a j\u00e1rv\u00e1nyhelyzet miatt z\u00e1rt Szolnoki Ifj\u00fas\u00e1gi K\u00f6z\u00f6ss\u00e9gi T\u00e9r vend\u00e9gei. Az eg\u00e9szs\u00e9g\u00fcgyi el\u0151\u00edr\u00e1sokat szigor\u00faan betartva csak videobesz\u00e9lget\u00e9s form\u00e1j\u00e1ban. rn <br \/> &nbsp;<div style=\"width: 640px;\" class=\"wp-video\"><!--[if lt IE 9]><script>document.createElement('video');<\/script><![endif]-->\n<video class=\"wp-video-shortcode\" id=\"video-3911-1\" width=\"640\" height=\"360\" preload=\"metadata\" controls=\"controls\"><source type=\"video\/mp4\" src=\"\/spots\/hir\/hir_210129_01.mp4?_=1\" \/><a href=\"\/spots\/hir\/hir_210129_01.mp4\">\/spots\/hir\/hir_210129_01.mp4<\/a><\/video><\/div><\/p>\n","protected":false},"excerpt":{"rendered":"<p>Bement az Upsz a Szifonba. A Szolnok Telev\u00edzi\u00f3 ifj\u00fas\u00e1gi m\u0171sor\u00e1nak k\u00e9sz\u00edt\u0151i voltak a j\u00e1rv\u00e1nyhelyzet miatt z\u00e1rt Szolnoki Ifj\u00fas\u00e1gi K\u00f6z\u00f6ss\u00e9gi T\u00e9r vend\u00e9gei. Az eg\u00e9szs\u00e9g\u00fcgyi el\u0151\u00edr\u00e1sokat szigor\u00faan betartva csak videobesz\u00e9lget\u00e9s form\u00e1j\u00e1ban. rn &nbsp;<\/p>\n","protected":false},"author":2,"featured_media":0,"comment_status":"closed","ping_status":"closed","sticky":false,"template":"","format":"standard","meta":[],"categories":[6],"tags":[],"_links":{"self":[{"href":"http:\/\/archiv.szolnoktv.hu\/index.php?rest_route=\/wp\/v2\/posts\/3911"}],"collection":[{"href":"http:\/\/archiv.szolnoktv.hu\/index.php?rest_route=\/wp\/v2\/posts"}],"about":[{"href":"http:\/\/archiv.szolnoktv.hu\/index.php?rest_route=\/wp\/v2\/types\/post"}],"author":[{"embeddable":true,"href":"http:\/\/archiv.szolnoktv.hu\/index.php?rest_route=\/wp\/v2\/users\/2"}],"replies":[{"embeddable":true,"href":"http:\/\/archiv.szolnoktv.hu\/index.php?rest_route=%2Fwp%2Fv2%2Fcomments&post=3911"}],"version-history":[{"count":1,"href":"http:\/\/archiv.szolnoktv.hu\/index.php?rest_route=\/wp\/v2\/posts\/3911\/revisions"}],"predecessor-version":[{"id":3974,"href":"http:\/\/archiv.szolnoktv.hu\/index.php?rest_route=\/wp\/v2\/posts\/3911\/revisions\/3974"}],"wp:attachment":[{"href":"http:\/\/archiv.szolnoktv.hu\/index.php?rest_route=%2Fwp%2Fv2%2Fmedia&parent=3911"}],"wp:term":[{"taxonomy":"category","embeddable":true,"href":"http:\/\/archiv.szolnoktv.hu\/index.php?rest_route=%2Fwp%2Fv2%2Fcategories&post=3911"},{"taxonomy":"post_tag","embeddable":true,"href":"http:\/\/archiv.szolnoktv.hu\/index.php?rest_route=%2Fwp%2Fv2%2Ftags&post=3911"}],"curies":[{"name":"wp","href":"https:\/\/api.w.org\/{rel}","templated":true}]}}