{"id":3905,"date":"2021-01-28T18:31:23","date_gmt":"2021-01-28T18:31:23","guid":{"rendered":"http:\/\/archiv.szolnoktv.hu\/?p=3905"},"modified":"2021-08-02T18:08:27","modified_gmt":"2021-08-02T18:08:27","slug":"ajandekreggeli","status":"publish","type":"post","link":"http:\/\/archiv.szolnoktv.hu\/?p=3905","title":{"rendered":"Aj\u00e1nd\u00e9kreggeli"},"content":{"rendered":"<div class='booster-block booster-read-block'><\/div><p>Aj\u00e1nd\u00e9kreggeli nem csak r\u00e1szorul\u00f3knak. Meglepet\u00e9ssel kedveskedett a k\u0151telki iskola di\u00e1kjainak egy besenysz\u00f6gi v\u00e1llalkoz\u00e1s. A kezdem\u00e9nyez\u00e9snek lesz folytat\u00e1sa is, hangs\u00falyozta a felaj\u00e1nl\u00f3, aki ezzel az apr\u00f3 gesztussal is szeretn\u00e9 r\u00e1ir\u00e1ny\u00edtani a figyelmet az \u00f6nzetlen aj\u00e1nd\u00e9koz\u00e1s fontoss\u00e1g\u00e1ra.rn <br \/> &nbsp;<div style=\"width: 640px;\" class=\"wp-video\"><!--[if lt IE 9]><script>document.createElement('video');<\/script><![endif]-->\n<video class=\"wp-video-shortcode\" id=\"video-3905-1\" width=\"640\" height=\"360\" preload=\"metadata\" controls=\"controls\"><source type=\"video\/mp4\" src=\"\/spots\/hir\/hir_210128_02.mp4?_=1\" \/><a href=\"\/spots\/hir\/hir_210128_02.mp4\">\/spots\/hir\/hir_210128_02.mp4<\/a><\/video><\/div><\/p>\n","protected":false},"excerpt":{"rendered":"<p>Aj\u00e1nd\u00e9kreggeli nem csak r\u00e1szorul\u00f3knak. Meglepet\u00e9ssel kedveskedett a k\u0151telki iskola di\u00e1kjainak egy besenysz\u00f6gi v\u00e1llalkoz\u00e1s. A kezdem\u00e9nyez\u00e9snek lesz folytat\u00e1sa is, hangs\u00falyozta a felaj\u00e1nl\u00f3, aki ezzel az apr\u00f3 gesztussal is szeretn\u00e9 r\u00e1ir\u00e1ny\u00edtani a figyelmet az \u00f6nzetlen aj\u00e1nd\u00e9koz\u00e1s fontoss\u00e1g\u00e1ra.rn &nbsp;<\/p>\n","protected":false},"author":2,"featured_media":0,"comment_status":"closed","ping_status":"closed","sticky":false,"template":"","format":"standard","meta":[],"categories":[6],"tags":[],"_links":{"self":[{"href":"http:\/\/archiv.szolnoktv.hu\/index.php?rest_route=\/wp\/v2\/posts\/3905"}],"collection":[{"href":"http:\/\/archiv.szolnoktv.hu\/index.php?rest_route=\/wp\/v2\/posts"}],"about":[{"href":"http:\/\/archiv.szolnoktv.hu\/index.php?rest_route=\/wp\/v2\/types\/post"}],"author":[{"embeddable":true,"href":"http:\/\/archiv.szolnoktv.hu\/index.php?rest_route=\/wp\/v2\/users\/2"}],"replies":[{"embeddable":true,"href":"http:\/\/archiv.szolnoktv.hu\/index.php?rest_route=%2Fwp%2Fv2%2Fcomments&post=3905"}],"version-history":[{"count":1,"href":"http:\/\/archiv.szolnoktv.hu\/index.php?rest_route=\/wp\/v2\/posts\/3905\/revisions"}],"predecessor-version":[{"id":3980,"href":"http:\/\/archiv.szolnoktv.hu\/index.php?rest_route=\/wp\/v2\/posts\/3905\/revisions\/3980"}],"wp:attachment":[{"href":"http:\/\/archiv.szolnoktv.hu\/index.php?rest_route=%2Fwp%2Fv2%2Fmedia&parent=3905"}],"wp:term":[{"taxonomy":"category","embeddable":true,"href":"http:\/\/archiv.szolnoktv.hu\/index.php?rest_route=%2Fwp%2Fv2%2Fcategories&post=3905"},{"taxonomy":"post_tag","embeddable":true,"href":"http:\/\/archiv.szolnoktv.hu\/index.php?rest_route=%2Fwp%2Fv2%2Ftags&post=3905"}],"curies":[{"name":"wp","href":"https:\/\/api.w.org\/{rel}","templated":true}]}}