{"id":3902,"date":"2021-01-28T18:16:49","date_gmt":"2021-01-28T18:16:49","guid":{"rendered":"http:\/\/archiv.szolnoktv.hu\/?p=3902"},"modified":"2021-08-02T18:08:46","modified_gmt":"2021-08-02T18:08:46","slug":"letapostak-a-kertjet","status":"publish","type":"post","link":"http:\/\/archiv.szolnoktv.hu\/?p=3902","title":{"rendered":"Letapost\u00e1k a kertj\u00e9t"},"content":{"rendered":"<div class='booster-block booster-read-block'><\/div><p>Nem k\u00edm\u00e9lt\u00e9k a kiskertet. Aszfalt hullad\u00e9kot sz\u00f3rtak a napokban a F\u00e9nyes Adolf \u00fati gar\u00e1zssor mell\u00e9. Az \u00e9rintett b\u00e9rl\u0151 m\u00e1r \u00e9vek \u00f3ta gondozza a k\u00f6zter\u00fcletet- ez\u00e9rt is s\u00e9relmezi, hogy munk\u00e1j\u00e1t semmibe veszik. A k\u00f6rzet \u00f6nkorm\u00e1nyzati k\u00e9pvisel\u0151je a helysz\u00ednen t\u00e1j\u00e9koz\u00f3dott.rn <br \/> &nbsp;<div style=\"width: 640px;\" class=\"wp-video\"><!--[if lt IE 9]><script>document.createElement('video');<\/script><![endif]-->\n<video class=\"wp-video-shortcode\" id=\"video-3902-1\" width=\"640\" height=\"360\" preload=\"metadata\" controls=\"controls\"><source type=\"video\/mp4\" src=\"\/spots\/hir\/hir_210128_03.mp4?_=1\" \/><a href=\"\/spots\/hir\/hir_210128_03.mp4\">\/spots\/hir\/hir_210128_03.mp4<\/a><\/video><\/div><\/p>\n","protected":false},"excerpt":{"rendered":"<p>Nem k\u00edm\u00e9lt\u00e9k a kiskertet. Aszfalt hullad\u00e9kot sz\u00f3rtak a napokban a F\u00e9nyes Adolf \u00fati gar\u00e1zssor mell\u00e9. Az \u00e9rintett b\u00e9rl\u0151 m\u00e1r \u00e9vek \u00f3ta gondozza a k\u00f6zter\u00fcletet- ez\u00e9rt is s\u00e9relmezi, hogy munk\u00e1j\u00e1t semmibe veszik. A k\u00f6rzet \u00f6nkorm\u00e1nyzati k\u00e9pvisel\u0151je a helysz\u00ednen t\u00e1j\u00e9koz\u00f3dott.rn &nbsp;<\/p>\n","protected":false},"author":2,"featured_media":0,"comment_status":"closed","ping_status":"closed","sticky":false,"template":"","format":"standard","meta":[],"categories":[6],"tags":[],"_links":{"self":[{"href":"http:\/\/archiv.szolnoktv.hu\/index.php?rest_route=\/wp\/v2\/posts\/3902"}],"collection":[{"href":"http:\/\/archiv.szolnoktv.hu\/index.php?rest_route=\/wp\/v2\/posts"}],"about":[{"href":"http:\/\/archiv.szolnoktv.hu\/index.php?rest_route=\/wp\/v2\/types\/post"}],"author":[{"embeddable":true,"href":"http:\/\/archiv.szolnoktv.hu\/index.php?rest_route=\/wp\/v2\/users\/2"}],"replies":[{"embeddable":true,"href":"http:\/\/archiv.szolnoktv.hu\/index.php?rest_route=%2Fwp%2Fv2%2Fcomments&post=3902"}],"version-history":[{"count":1,"href":"http:\/\/archiv.szolnoktv.hu\/index.php?rest_route=\/wp\/v2\/posts\/3902\/revisions"}],"predecessor-version":[{"id":3983,"href":"http:\/\/archiv.szolnoktv.hu\/index.php?rest_route=\/wp\/v2\/posts\/3902\/revisions\/3983"}],"wp:attachment":[{"href":"http:\/\/archiv.szolnoktv.hu\/index.php?rest_route=%2Fwp%2Fv2%2Fmedia&parent=3902"}],"wp:term":[{"taxonomy":"category","embeddable":true,"href":"http:\/\/archiv.szolnoktv.hu\/index.php?rest_route=%2Fwp%2Fv2%2Fcategories&post=3902"},{"taxonomy":"post_tag","embeddable":true,"href":"http:\/\/archiv.szolnoktv.hu\/index.php?rest_route=%2Fwp%2Fv2%2Ftags&post=3902"}],"curies":[{"name":"wp","href":"https:\/\/api.w.org\/{rel}","templated":true}]}}