{"id":3901,"date":"2021-01-28T18:12:22","date_gmt":"2021-01-28T18:12:22","guid":{"rendered":"http:\/\/archiv.szolnoktv.hu\/?p=3901"},"modified":"2021-08-02T18:08:46","modified_gmt":"2021-08-02T18:08:46","slug":"valtozatos-arak-a-piacon","status":"publish","type":"post","link":"http:\/\/archiv.szolnoktv.hu\/?p=3901","title":{"rendered":"V\u00e1ltozatos \u00e1rak a piacon"},"content":{"rendered":"<div class='booster-block booster-read-block'><\/div><p>Van minden, de dr\u00e1g\u00e1bb. Megszokhattuk m\u00e1r, hogy janu\u00e1rban is b\u0151 a gy\u00fcm\u00f6lcs- \u00e9s z\u00f6lds\u00e9gk\u00edn\u00e1lat a piacon. Nem sz\u00e1m\u00edt m\u00e1r hi\u00e1nycikknek a ban\u00e1n, a narancs, \u00e9s paprika, paradicsom is ker\u00fclhet az asztalra ak\u00e1r t\u00e9l k\u00f6zep\u00e9n is. Id\u00e9n azonban \u00fagy t\u0171nik, m\u00e9lyebben kell a p\u00e9nzt\u00e1rc\u00e1j\u00e1ba ny\u00falnia annak, aki ilyenkor is ragaszkodik a friss \u00e1ruhoz. rn <br \/> &nbsp;<div style=\"width: 640px;\" class=\"wp-video\"><!--[if lt IE 9]><script>document.createElement('video');<\/script><![endif]-->\n<video class=\"wp-video-shortcode\" id=\"video-3901-1\" width=\"640\" height=\"360\" preload=\"metadata\" controls=\"controls\"><source type=\"video\/mp4\" src=\"\/spots\/hir\/hir_210128_05.mp4?_=1\" \/><a href=\"\/spots\/hir\/hir_210128_05.mp4\">\/spots\/hir\/hir_210128_05.mp4<\/a><\/video><\/div><\/p>\n","protected":false},"excerpt":{"rendered":"<p>Van minden, de dr\u00e1g\u00e1bb. Megszokhattuk m\u00e1r, hogy janu\u00e1rban is b\u0151 a gy\u00fcm\u00f6lcs- \u00e9s z\u00f6lds\u00e9gk\u00edn\u00e1lat a piacon. Nem sz\u00e1m\u00edt m\u00e1r hi\u00e1nycikknek a ban\u00e1n, a narancs, \u00e9s paprika, paradicsom is ker\u00fclhet az asztalra ak\u00e1r t\u00e9l k\u00f6zep\u00e9n is. Id\u00e9n azonban \u00fagy t\u0171nik, m\u00e9lyebben kell a p\u00e9nzt\u00e1rc\u00e1j\u00e1ba ny\u00falnia annak, aki ilyenkor is ragaszkodik a friss \u00e1ruhoz. rn &nbsp;<\/p>\n","protected":false},"author":2,"featured_media":0,"comment_status":"closed","ping_status":"closed","sticky":false,"template":"","format":"standard","meta":[],"categories":[6],"tags":[],"_links":{"self":[{"href":"http:\/\/archiv.szolnoktv.hu\/index.php?rest_route=\/wp\/v2\/posts\/3901"}],"collection":[{"href":"http:\/\/archiv.szolnoktv.hu\/index.php?rest_route=\/wp\/v2\/posts"}],"about":[{"href":"http:\/\/archiv.szolnoktv.hu\/index.php?rest_route=\/wp\/v2\/types\/post"}],"author":[{"embeddable":true,"href":"http:\/\/archiv.szolnoktv.hu\/index.php?rest_route=\/wp\/v2\/users\/2"}],"replies":[{"embeddable":true,"href":"http:\/\/archiv.szolnoktv.hu\/index.php?rest_route=%2Fwp%2Fv2%2Fcomments&post=3901"}],"version-history":[{"count":1,"href":"http:\/\/archiv.szolnoktv.hu\/index.php?rest_route=\/wp\/v2\/posts\/3901\/revisions"}],"predecessor-version":[{"id":3984,"href":"http:\/\/archiv.szolnoktv.hu\/index.php?rest_route=\/wp\/v2\/posts\/3901\/revisions\/3984"}],"wp:attachment":[{"href":"http:\/\/archiv.szolnoktv.hu\/index.php?rest_route=%2Fwp%2Fv2%2Fmedia&parent=3901"}],"wp:term":[{"taxonomy":"category","embeddable":true,"href":"http:\/\/archiv.szolnoktv.hu\/index.php?rest_route=%2Fwp%2Fv2%2Fcategories&post=3901"},{"taxonomy":"post_tag","embeddable":true,"href":"http:\/\/archiv.szolnoktv.hu\/index.php?rest_route=%2Fwp%2Fv2%2Ftags&post=3901"}],"curies":[{"name":"wp","href":"https:\/\/api.w.org\/{rel}","templated":true}]}}