{"id":3899,"date":"2021-01-28T18:02:59","date_gmt":"2021-01-28T18:02:59","guid":{"rendered":"http:\/\/archiv.szolnoktv.hu\/?p=3899"},"modified":"2021-08-02T18:08:47","modified_gmt":"2021-08-02T18:08:47","slug":"mar-lehet-jelentkezni","status":"publish","type":"post","link":"http:\/\/archiv.szolnoktv.hu\/?p=3899","title":{"rendered":"M\u00e1r lehet jelentkezni"},"content":{"rendered":"<div class='booster-block booster-read-block'><\/div><p>M\u00edg tavaly 24, id\u00e9n m\u00e1r 31 \u00fatvonal v\u00e1rja a fels\u0151 tagozatos \u00e9s k\u00f6z\u00e9piskol\u00e1s gyereket, akik ny\u00e1ron gyalogos, ker\u00e9kp\u00e1ros, v\u00edzi, vagy zar\u00e1ndok v\u00e1ndort\u00e1bor form\u00e1j\u00e1ban fedezhetik fel Magyarorsz\u00e1g t\u00e1jait. A turnusokra e h\u00e9t h\u00e9tf\u0151t\u0151l lehet jelentkezni. rn <br \/> &nbsp;<div style=\"width: 640px;\" class=\"wp-video\"><!--[if lt IE 9]><script>document.createElement('video');<\/script><![endif]-->\n<video class=\"wp-video-shortcode\" id=\"video-3899-1\" width=\"640\" height=\"360\" preload=\"metadata\" controls=\"controls\"><source type=\"video\/mp4\" src=\"\/spots\/hir\/hir_210128_01.mp4?_=1\" \/><a href=\"\/spots\/hir\/hir_210128_01.mp4\">\/spots\/hir\/hir_210128_01.mp4<\/a><\/video><\/div><\/p>\n","protected":false},"excerpt":{"rendered":"<p>M\u00edg tavaly 24, id\u00e9n m\u00e1r 31 \u00fatvonal v\u00e1rja a fels\u0151 tagozatos \u00e9s k\u00f6z\u00e9piskol\u00e1s gyereket, akik ny\u00e1ron gyalogos, ker\u00e9kp\u00e1ros, v\u00edzi, vagy zar\u00e1ndok v\u00e1ndort\u00e1bor form\u00e1j\u00e1ban fedezhetik fel Magyarorsz\u00e1g t\u00e1jait. A turnusokra e h\u00e9t h\u00e9tf\u0151t\u0151l lehet jelentkezni. rn &nbsp;<\/p>\n","protected":false},"author":2,"featured_media":0,"comment_status":"closed","ping_status":"closed","sticky":false,"template":"","format":"standard","meta":[],"categories":[6],"tags":[],"_links":{"self":[{"href":"http:\/\/archiv.szolnoktv.hu\/index.php?rest_route=\/wp\/v2\/posts\/3899"}],"collection":[{"href":"http:\/\/archiv.szolnoktv.hu\/index.php?rest_route=\/wp\/v2\/posts"}],"about":[{"href":"http:\/\/archiv.szolnoktv.hu\/index.php?rest_route=\/wp\/v2\/types\/post"}],"author":[{"embeddable":true,"href":"http:\/\/archiv.szolnoktv.hu\/index.php?rest_route=\/wp\/v2\/users\/2"}],"replies":[{"embeddable":true,"href":"http:\/\/archiv.szolnoktv.hu\/index.php?rest_route=%2Fwp%2Fv2%2Fcomments&post=3899"}],"version-history":[{"count":1,"href":"http:\/\/archiv.szolnoktv.hu\/index.php?rest_route=\/wp\/v2\/posts\/3899\/revisions"}],"predecessor-version":[{"id":3986,"href":"http:\/\/archiv.szolnoktv.hu\/index.php?rest_route=\/wp\/v2\/posts\/3899\/revisions\/3986"}],"wp:attachment":[{"href":"http:\/\/archiv.szolnoktv.hu\/index.php?rest_route=%2Fwp%2Fv2%2Fmedia&parent=3899"}],"wp:term":[{"taxonomy":"category","embeddable":true,"href":"http:\/\/archiv.szolnoktv.hu\/index.php?rest_route=%2Fwp%2Fv2%2Fcategories&post=3899"},{"taxonomy":"post_tag","embeddable":true,"href":"http:\/\/archiv.szolnoktv.hu\/index.php?rest_route=%2Fwp%2Fv2%2Ftags&post=3899"}],"curies":[{"name":"wp","href":"https:\/\/api.w.org\/{rel}","templated":true}]}}