{"id":3898,"date":"2021-01-28T18:01:04","date_gmt":"2021-01-28T18:01:04","guid":{"rendered":"http:\/\/archiv.szolnoktv.hu\/?p=3898"},"modified":"2021-08-02T18:08:48","modified_gmt":"2021-08-02T18:08:48","slug":"mennyi-az-annyi","status":"publish","type":"post","link":"http:\/\/archiv.szolnoktv.hu\/?p=3898","title":{"rendered":"Mennyi az annyi?"},"content":{"rendered":"<div class='booster-block booster-read-block'><\/div><p>Szerencs\u00e9re senki sem igaz\u00edtja munkakezd\u00e9s\u00e9t, \u00fczleti megbesz\u00e9l\u00e9s\u00e9t, randev\u00faj\u00e1t a Kossuth t\u00e9r \u00e9s a J\u00f3kai utca sark\u00e1n \u00e1ll\u00f3 k\u00f6zt\u00e9ri \u00f3r\u00e1hoz. A szerkezet ugyanis &#8222;rosszalkodik&#8221;, \u00e9vek \u00f3ta.rn <br \/> &nbsp;<div style=\"width: 640px;\" class=\"wp-video\"><!--[if lt IE 9]><script>document.createElement('video');<\/script><![endif]-->\n<video class=\"wp-video-shortcode\" id=\"video-3898-1\" width=\"640\" height=\"360\" preload=\"metadata\" controls=\"controls\"><source type=\"video\/mp4\" src=\"\/spots\/hir\/hir_210128_07.mp4?_=1\" \/><a href=\"\/spots\/hir\/hir_210128_07.mp4\">\/spots\/hir\/hir_210128_07.mp4<\/a><\/video><\/div><\/p>\n","protected":false},"excerpt":{"rendered":"<p>Szerencs\u00e9re senki sem igaz\u00edtja munkakezd\u00e9s\u00e9t, \u00fczleti megbesz\u00e9l\u00e9s\u00e9t, randev\u00faj\u00e1t a Kossuth t\u00e9r \u00e9s a J\u00f3kai utca sark\u00e1n \u00e1ll\u00f3 k\u00f6zt\u00e9ri \u00f3r\u00e1hoz. A szerkezet ugyanis &#8222;rosszalkodik&#8221;, \u00e9vek \u00f3ta.rn &nbsp;<\/p>\n","protected":false},"author":2,"featured_media":0,"comment_status":"closed","ping_status":"closed","sticky":false,"template":"","format":"standard","meta":[],"categories":[6],"tags":[],"_links":{"self":[{"href":"http:\/\/archiv.szolnoktv.hu\/index.php?rest_route=\/wp\/v2\/posts\/3898"}],"collection":[{"href":"http:\/\/archiv.szolnoktv.hu\/index.php?rest_route=\/wp\/v2\/posts"}],"about":[{"href":"http:\/\/archiv.szolnoktv.hu\/index.php?rest_route=\/wp\/v2\/types\/post"}],"author":[{"embeddable":true,"href":"http:\/\/archiv.szolnoktv.hu\/index.php?rest_route=\/wp\/v2\/users\/2"}],"replies":[{"embeddable":true,"href":"http:\/\/archiv.szolnoktv.hu\/index.php?rest_route=%2Fwp%2Fv2%2Fcomments&post=3898"}],"version-history":[{"count":1,"href":"http:\/\/archiv.szolnoktv.hu\/index.php?rest_route=\/wp\/v2\/posts\/3898\/revisions"}],"predecessor-version":[{"id":3987,"href":"http:\/\/archiv.szolnoktv.hu\/index.php?rest_route=\/wp\/v2\/posts\/3898\/revisions\/3987"}],"wp:attachment":[{"href":"http:\/\/archiv.szolnoktv.hu\/index.php?rest_route=%2Fwp%2Fv2%2Fmedia&parent=3898"}],"wp:term":[{"taxonomy":"category","embeddable":true,"href":"http:\/\/archiv.szolnoktv.hu\/index.php?rest_route=%2Fwp%2Fv2%2Fcategories&post=3898"},{"taxonomy":"post_tag","embeddable":true,"href":"http:\/\/archiv.szolnoktv.hu\/index.php?rest_route=%2Fwp%2Fv2%2Ftags&post=3898"}],"curies":[{"name":"wp","href":"https:\/\/api.w.org\/{rel}","templated":true}]}}