{"id":3894,"date":"2021-01-27T18:32:46","date_gmt":"2021-01-27T18:32:46","guid":{"rendered":"http:\/\/archiv.szolnoktv.hu\/?p=3894"},"modified":"2021-08-02T18:08:49","modified_gmt":"2021-08-02T18:08:49","slug":"tovabb-kell-folytatni-a-munkat","status":"publish","type":"post","link":"http:\/\/archiv.szolnoktv.hu\/?p=3894","title":{"rendered":"Tov\u00e1bb kell folytatni a munk\u00e1t"},"content":{"rendered":"<div class='booster-block booster-read-block'><\/div><p>Sikerrel z\u00e1rult a  Szolnoki Foglalkoztat\u00e1si Paktum 4 \u00e9ves munk\u00e1ja &#8211; \u00e1llap\u00edtott\u00e1k meg a paktum r\u00e9sztvev\u0151i a mai projektz\u00e1r\u00f3 rendezv\u00e9nyen. Abban is egyet\u00e9rt\u00e9s van, hogy a r\u00e9sztvev\u0151k, ha m\u00e1s keretek k\u00f6z\u00f6tt is, de folytatj\u00e1k a megkezdett k\u00f6z\u00f6s munk\u00e1t. A mai online \u00f6sszegz\u00e9sen prezent\u00e1ci\u00f3k seg\u00edts\u00e9g\u00e9vel mutatt\u00e1k be a r\u00e9sztvev\u0151k munk\u00e1juk eredm\u00e9ny\u00e9t. A k\u00f6vetkez\u0151 \u00f6ssze\u00e1ll\u00edt\u00e1s a f\u00f3rum k\u00e9panyag\u00e1b\u00f3l k\u00e9sz\u00fclt. <br \/> &nbsp;<div style=\"width: 640px;\" class=\"wp-video\"><!--[if lt IE 9]><script>document.createElement('video');<\/script><![endif]-->\n<video class=\"wp-video-shortcode\" id=\"video-3894-1\" width=\"640\" height=\"360\" preload=\"metadata\" controls=\"controls\"><source type=\"video\/mp4\" src=\"\/spots\/hir\/hir_210127_08.mp4?_=1\" \/><a href=\"\/spots\/hir\/hir_210127_08.mp4\">\/spots\/hir\/hir_210127_08.mp4<\/a><\/video><\/div><\/p>\n","protected":false},"excerpt":{"rendered":"<p>Sikerrel z\u00e1rult a Szolnoki Foglalkoztat\u00e1si Paktum 4 \u00e9ves munk\u00e1ja &#8211; \u00e1llap\u00edtott\u00e1k meg a paktum r\u00e9sztvev\u0151i a mai projektz\u00e1r\u00f3 rendezv\u00e9nyen. Abban is egyet\u00e9rt\u00e9s van, hogy a r\u00e9sztvev\u0151k, ha m\u00e1s keretek k\u00f6z\u00f6tt is, de folytatj\u00e1k a megkezdett k\u00f6z\u00f6s munk\u00e1t. A mai online \u00f6sszegz\u00e9sen prezent\u00e1ci\u00f3k seg\u00edts\u00e9g\u00e9vel mutatt\u00e1k be a r\u00e9sztvev\u0151k munk\u00e1juk eredm\u00e9ny\u00e9t. A k\u00f6vetkez\u0151 \u00f6ssze\u00e1ll\u00edt\u00e1s a f\u00f3rum k\u00e9panyag\u00e1b\u00f3l [&hellip;]<\/p>\n","protected":false},"author":2,"featured_media":0,"comment_status":"closed","ping_status":"closed","sticky":false,"template":"","format":"standard","meta":[],"categories":[6],"tags":[],"_links":{"self":[{"href":"http:\/\/archiv.szolnoktv.hu\/index.php?rest_route=\/wp\/v2\/posts\/3894"}],"collection":[{"href":"http:\/\/archiv.szolnoktv.hu\/index.php?rest_route=\/wp\/v2\/posts"}],"about":[{"href":"http:\/\/archiv.szolnoktv.hu\/index.php?rest_route=\/wp\/v2\/types\/post"}],"author":[{"embeddable":true,"href":"http:\/\/archiv.szolnoktv.hu\/index.php?rest_route=\/wp\/v2\/users\/2"}],"replies":[{"embeddable":true,"href":"http:\/\/archiv.szolnoktv.hu\/index.php?rest_route=%2Fwp%2Fv2%2Fcomments&post=3894"}],"version-history":[{"count":1,"href":"http:\/\/archiv.szolnoktv.hu\/index.php?rest_route=\/wp\/v2\/posts\/3894\/revisions"}],"predecessor-version":[{"id":3991,"href":"http:\/\/archiv.szolnoktv.hu\/index.php?rest_route=\/wp\/v2\/posts\/3894\/revisions\/3991"}],"wp:attachment":[{"href":"http:\/\/archiv.szolnoktv.hu\/index.php?rest_route=%2Fwp%2Fv2%2Fmedia&parent=3894"}],"wp:term":[{"taxonomy":"category","embeddable":true,"href":"http:\/\/archiv.szolnoktv.hu\/index.php?rest_route=%2Fwp%2Fv2%2Fcategories&post=3894"},{"taxonomy":"post_tag","embeddable":true,"href":"http:\/\/archiv.szolnoktv.hu\/index.php?rest_route=%2Fwp%2Fv2%2Ftags&post=3894"}],"curies":[{"name":"wp","href":"https:\/\/api.w.org\/{rel}","templated":true}]}}