{"id":3893,"date":"2021-01-27T18:25:45","date_gmt":"2021-01-27T18:25:45","guid":{"rendered":"http:\/\/archiv.szolnoktv.hu\/?p=3893"},"modified":"2021-08-02T18:08:49","modified_gmt":"2021-08-02T18:08:49","slug":"folytatjak-a-kutatast","status":"publish","type":"post","link":"http:\/\/archiv.szolnoktv.hu\/?p=3893","title":{"rendered":"Folytatj\u00e1k a kutat\u00e1st"},"content":{"rendered":"<div class='booster-block booster-read-block'><\/div><p>N\u00e9h\u00e1ny h\u00e9ten bel\u00fcl \u00fajraindulhatnak a r\u00e9g\u00e9szeti felt\u00e1r\u00e1sok az egykori szolnoki v\u00e1r ter\u00fclet\u00e9n. A k\u00f6vetkez\u0151 szakaszban annak a k\u00f6zel 500 \u00e9ves oszm\u00e1n palot\u00e1nak az eml\u00e9keit kutatj\u00e1k, amelyr\u0151l semmilyen \u00e1br\u00e1zol\u00e1s nem maradt fenn, \u00e9s az orsz\u00e1g ter\u00fclet\u00e9n nem is t\u00e1rtak fel m\u00e9g ehhez hasonl\u00f3t. rn <br \/> &nbsp;<div style=\"width: 640px;\" class=\"wp-video\"><!--[if lt IE 9]><script>document.createElement('video');<\/script><![endif]-->\n<video class=\"wp-video-shortcode\" id=\"video-3893-1\" width=\"640\" height=\"360\" preload=\"metadata\" controls=\"controls\"><source type=\"video\/mp4\" src=\"\/spots\/hir\/hir_210127_06.mp4?_=1\" \/><a href=\"\/spots\/hir\/hir_210127_06.mp4\">\/spots\/hir\/hir_210127_06.mp4<\/a><\/video><\/div><\/p>\n","protected":false},"excerpt":{"rendered":"<p>N\u00e9h\u00e1ny h\u00e9ten bel\u00fcl \u00fajraindulhatnak a r\u00e9g\u00e9szeti felt\u00e1r\u00e1sok az egykori szolnoki v\u00e1r ter\u00fclet\u00e9n. A k\u00f6vetkez\u0151 szakaszban annak a k\u00f6zel 500 \u00e9ves oszm\u00e1n palot\u00e1nak az eml\u00e9keit kutatj\u00e1k, amelyr\u0151l semmilyen \u00e1br\u00e1zol\u00e1s nem maradt fenn, \u00e9s az orsz\u00e1g ter\u00fclet\u00e9n nem is t\u00e1rtak fel m\u00e9g ehhez hasonl\u00f3t. rn &nbsp;<\/p>\n","protected":false},"author":2,"featured_media":0,"comment_status":"closed","ping_status":"closed","sticky":false,"template":"","format":"standard","meta":[],"categories":[6],"tags":[],"_links":{"self":[{"href":"http:\/\/archiv.szolnoktv.hu\/index.php?rest_route=\/wp\/v2\/posts\/3893"}],"collection":[{"href":"http:\/\/archiv.szolnoktv.hu\/index.php?rest_route=\/wp\/v2\/posts"}],"about":[{"href":"http:\/\/archiv.szolnoktv.hu\/index.php?rest_route=\/wp\/v2\/types\/post"}],"author":[{"embeddable":true,"href":"http:\/\/archiv.szolnoktv.hu\/index.php?rest_route=\/wp\/v2\/users\/2"}],"replies":[{"embeddable":true,"href":"http:\/\/archiv.szolnoktv.hu\/index.php?rest_route=%2Fwp%2Fv2%2Fcomments&post=3893"}],"version-history":[{"count":1,"href":"http:\/\/archiv.szolnoktv.hu\/index.php?rest_route=\/wp\/v2\/posts\/3893\/revisions"}],"predecessor-version":[{"id":3992,"href":"http:\/\/archiv.szolnoktv.hu\/index.php?rest_route=\/wp\/v2\/posts\/3893\/revisions\/3992"}],"wp:attachment":[{"href":"http:\/\/archiv.szolnoktv.hu\/index.php?rest_route=%2Fwp%2Fv2%2Fmedia&parent=3893"}],"wp:term":[{"taxonomy":"category","embeddable":true,"href":"http:\/\/archiv.szolnoktv.hu\/index.php?rest_route=%2Fwp%2Fv2%2Fcategories&post=3893"},{"taxonomy":"post_tag","embeddable":true,"href":"http:\/\/archiv.szolnoktv.hu\/index.php?rest_route=%2Fwp%2Fv2%2Ftags&post=3893"}],"curies":[{"name":"wp","href":"https:\/\/api.w.org\/{rel}","templated":true}]}}