{"id":3892,"date":"2021-01-27T18:21:50","date_gmt":"2021-01-27T18:21:50","guid":{"rendered":"http:\/\/archiv.szolnoktv.hu\/?p=3892"},"modified":"2021-08-02T18:08:50","modified_gmt":"2021-08-02T18:08:50","slug":"csaladbarat-munkahely","status":"publish","type":"post","link":"http:\/\/archiv.szolnoktv.hu\/?p=3892","title":{"rendered":"Csal\u00e1dbar\u00e1t Munkahely"},"content":{"rendered":"<div class='booster-block booster-read-block'><\/div><p>Csal\u00e1dbar\u00e1t Munkahely c\u00edm elnyer\u00e9s\u00e9re \u00edrt ki p\u00e1ly\u00e1zatot a Csal\u00e1dbar\u00e1t szolnoki \u00f6nkorm\u00e1nyzat. A p\u00e1ly\u00e1zatok elb\u00edr\u00e1l\u00e1s\u00e1t egy f\u00fcggetlen munkacsoport v\u00e9lem\u00e9nyezi, majd az \u00edgy kialak\u00edtott javaslatot a polg\u00e1rmester ismerteti a k\u00f6zgy\u0171l\u00e9ssel, amely d\u00f6nt az adom\u00e1nyoz\u00e1sr\u00f3l. <br \/> &nbsp;<div style=\"width: 640px;\" class=\"wp-video\"><!--[if lt IE 9]><script>document.createElement('video');<\/script><![endif]-->\n<video class=\"wp-video-shortcode\" id=\"video-3892-1\" width=\"640\" height=\"360\" preload=\"metadata\" controls=\"controls\"><source type=\"video\/mp4\" src=\"\/spots\/hir\/hir_210127_05.mp4?_=1\" \/><a href=\"\/spots\/hir\/hir_210127_05.mp4\">\/spots\/hir\/hir_210127_05.mp4<\/a><\/video><\/div><\/p>\n","protected":false},"excerpt":{"rendered":"<p>Csal\u00e1dbar\u00e1t Munkahely c\u00edm elnyer\u00e9s\u00e9re \u00edrt ki p\u00e1ly\u00e1zatot a Csal\u00e1dbar\u00e1t szolnoki \u00f6nkorm\u00e1nyzat. A p\u00e1ly\u00e1zatok elb\u00edr\u00e1l\u00e1s\u00e1t egy f\u00fcggetlen munkacsoport v\u00e9lem\u00e9nyezi, majd az \u00edgy kialak\u00edtott javaslatot a polg\u00e1rmester ismerteti a k\u00f6zgy\u0171l\u00e9ssel, amely d\u00f6nt az adom\u00e1nyoz\u00e1sr\u00f3l. &nbsp;<\/p>\n","protected":false},"author":2,"featured_media":0,"comment_status":"closed","ping_status":"closed","sticky":false,"template":"","format":"standard","meta":[],"categories":[6],"tags":[],"_links":{"self":[{"href":"http:\/\/archiv.szolnoktv.hu\/index.php?rest_route=\/wp\/v2\/posts\/3892"}],"collection":[{"href":"http:\/\/archiv.szolnoktv.hu\/index.php?rest_route=\/wp\/v2\/posts"}],"about":[{"href":"http:\/\/archiv.szolnoktv.hu\/index.php?rest_route=\/wp\/v2\/types\/post"}],"author":[{"embeddable":true,"href":"http:\/\/archiv.szolnoktv.hu\/index.php?rest_route=\/wp\/v2\/users\/2"}],"replies":[{"embeddable":true,"href":"http:\/\/archiv.szolnoktv.hu\/index.php?rest_route=%2Fwp%2Fv2%2Fcomments&post=3892"}],"version-history":[{"count":1,"href":"http:\/\/archiv.szolnoktv.hu\/index.php?rest_route=\/wp\/v2\/posts\/3892\/revisions"}],"predecessor-version":[{"id":3993,"href":"http:\/\/archiv.szolnoktv.hu\/index.php?rest_route=\/wp\/v2\/posts\/3892\/revisions\/3993"}],"wp:attachment":[{"href":"http:\/\/archiv.szolnoktv.hu\/index.php?rest_route=%2Fwp%2Fv2%2Fmedia&parent=3892"}],"wp:term":[{"taxonomy":"category","embeddable":true,"href":"http:\/\/archiv.szolnoktv.hu\/index.php?rest_route=%2Fwp%2Fv2%2Fcategories&post=3892"},{"taxonomy":"post_tag","embeddable":true,"href":"http:\/\/archiv.szolnoktv.hu\/index.php?rest_route=%2Fwp%2Fv2%2Ftags&post=3892"}],"curies":[{"name":"wp","href":"https:\/\/api.w.org\/{rel}","templated":true}]}}