{"id":3891,"date":"2021-01-27T18:16:51","date_gmt":"2021-01-27T18:16:51","guid":{"rendered":"http:\/\/archiv.szolnoktv.hu\/?p=3891"},"modified":"2021-08-02T18:08:50","modified_gmt":"2021-08-02T18:08:50","slug":"felhivas-nyugdijasoknak","status":"publish","type":"post","link":"http:\/\/archiv.szolnoktv.hu\/?p=3891","title":{"rendered":"Felh\u00edv\u00e1s nyugd\u00edjasoknak"},"content":{"rendered":"<div class='booster-block booster-read-block'><\/div><p>&#8222; Korona 20\/21.&#8221;  Ez a c\u00edme a v\u00e1rosi \u00f6nkorm\u00e1nyzat \u00e1ltal t\u00e1mogatott nyugd\u00edjasoknak sz\u00f3l\u00f3 alkot\u00f3i p\u00e1ly\u00e1zatnak. A sz\u00e9pkor\u00faak t\u00e1rgyi \u00e9s gener\u00e1ci\u00f3s alkot\u00e1sokkal, \u00edr\u00e1sm\u0171vekkel nevezhetnek a felh\u00edv\u00e1sra m\u00e1rcius 31-ig. rn <br \/> &nbsp;<div style=\"width: 640px;\" class=\"wp-video\"><!--[if lt IE 9]><script>document.createElement('video');<\/script><![endif]-->\n<video class=\"wp-video-shortcode\" id=\"video-3891-1\" width=\"640\" height=\"360\" preload=\"metadata\" controls=\"controls\"><source type=\"video\/mp4\" src=\"\/spots\/hir\/hir_210127_02.mp4?_=1\" \/><a href=\"\/spots\/hir\/hir_210127_02.mp4\">\/spots\/hir\/hir_210127_02.mp4<\/a><\/video><\/div><\/p>\n","protected":false},"excerpt":{"rendered":"<p>&#8222; Korona 20\/21.&#8221; Ez a c\u00edme a v\u00e1rosi \u00f6nkorm\u00e1nyzat \u00e1ltal t\u00e1mogatott nyugd\u00edjasoknak sz\u00f3l\u00f3 alkot\u00f3i p\u00e1ly\u00e1zatnak. A sz\u00e9pkor\u00faak t\u00e1rgyi \u00e9s gener\u00e1ci\u00f3s alkot\u00e1sokkal, \u00edr\u00e1sm\u0171vekkel nevezhetnek a felh\u00edv\u00e1sra m\u00e1rcius 31-ig. rn &nbsp;<\/p>\n","protected":false},"author":2,"featured_media":0,"comment_status":"closed","ping_status":"closed","sticky":false,"template":"","format":"standard","meta":[],"categories":[6],"tags":[],"_links":{"self":[{"href":"http:\/\/archiv.szolnoktv.hu\/index.php?rest_route=\/wp\/v2\/posts\/3891"}],"collection":[{"href":"http:\/\/archiv.szolnoktv.hu\/index.php?rest_route=\/wp\/v2\/posts"}],"about":[{"href":"http:\/\/archiv.szolnoktv.hu\/index.php?rest_route=\/wp\/v2\/types\/post"}],"author":[{"embeddable":true,"href":"http:\/\/archiv.szolnoktv.hu\/index.php?rest_route=\/wp\/v2\/users\/2"}],"replies":[{"embeddable":true,"href":"http:\/\/archiv.szolnoktv.hu\/index.php?rest_route=%2Fwp%2Fv2%2Fcomments&post=3891"}],"version-history":[{"count":1,"href":"http:\/\/archiv.szolnoktv.hu\/index.php?rest_route=\/wp\/v2\/posts\/3891\/revisions"}],"predecessor-version":[{"id":3994,"href":"http:\/\/archiv.szolnoktv.hu\/index.php?rest_route=\/wp\/v2\/posts\/3891\/revisions\/3994"}],"wp:attachment":[{"href":"http:\/\/archiv.szolnoktv.hu\/index.php?rest_route=%2Fwp%2Fv2%2Fmedia&parent=3891"}],"wp:term":[{"taxonomy":"category","embeddable":true,"href":"http:\/\/archiv.szolnoktv.hu\/index.php?rest_route=%2Fwp%2Fv2%2Fcategories&post=3891"},{"taxonomy":"post_tag","embeddable":true,"href":"http:\/\/archiv.szolnoktv.hu\/index.php?rest_route=%2Fwp%2Fv2%2Ftags&post=3891"}],"curies":[{"name":"wp","href":"https:\/\/api.w.org\/{rel}","templated":true}]}}